{"id":42822,"date":"2025-04-04T08:08:33","date_gmt":"2025-04-04T06:08:33","guid":{"rendered":"https:\/\/balticwind.eu\/?p=42822"},"modified":"2025-04-04T08:08:33","modified_gmt":"2025-04-04T06:08:33","slug":"niemcy-nakazuja-farmom-wiatrowym-instalacje-radarow-w-celu-zwiekszenia-bezpieczenstwa-morskiego","status":"publish","type":"post","link":"https:\/\/balticwind.eu\/pl\/niemcy-nakazuja-farmom-wiatrowym-instalacje-radarow-w-celu-zwiekszenia-bezpieczenstwa-morskiego\/","title":{"rendered":"Niemcy nakazuj\u0105 farmom wiatrowym instalacj\u0119 radar\u00f3w w celu zwi\u0119kszenia bezpiecze\u0144stwa morskiego"},"content":{"rendered":"<p><strong>Niemcy nakaza\u0142y, aby morskie farmy wiatrowe zlokalizowane wzd\u0142u\u017c ich p\u00f3\u0142nocnego wybrze\u017ca instalowa\u0142y systemy radarowe w celu wzmocnienia nadzoru zar\u00f3wno statk\u00f3w, jak i dron\u00f3w, wynika z raportu Reutersa. Federalna Agencja Morska i Hydrograficzna (BSH) oficjalnie potwierdzi\u0142a t\u0119 dyrektyw\u0119 2 kwietnia 2025 roku.<\/strong><\/p>\n<p>Decyzja ta jest odpowiedzi\u0105 na rosn\u0105ce obawy o bezpiecze\u0144stwo wynikaj\u0105ce z inwazji Rosji na Ukrain\u0119 i zwi\u0119kszon\u0105 \u015bwiadomo\u015b\u0107 potencjalnych zagro\u017ce\u0144 dla infrastruktury krytycznej. W\u0142adze odnotowa\u0142y wzrost liczby statk\u00f3w dzia\u0142aj\u0105cych z wy\u0142\u0105czonymi systemami nawigacyjnymi, co komplikuje \u015bledzenie ich ruch\u00f3w.<\/p>\n<p>Kwestia bezpiecze\u0144stwa morskiego zosta\u0142a dodatkowo podkre\u015blona przez incydenty, takie jak zg\u0142oszenie przez fi\u0144sk\u0105 stra\u017c przybrze\u017cn\u0105 zak\u0142\u00f3ce\u0144 sygna\u0142\u00f3w nawigacji satelitarnej na Morzu Ba\u0142tyckim, a tak\u017ce przypadki fa\u0142szowania danych o lokalizacji tankowc\u00f3w. Niedawno w\u0142adze niemieckie wszcz\u0119\u0142y post\u0119powanie celne przeciwko tankowcowi Eventin po tym, jak znaleziono go dryfuj\u0105cego na wodach niemieckich, a Unia Europejska podejrzewa zaanga\u017cowanie statku w rosyjsk\u0105 \u201eflot\u0119 cieni\u201d wykorzystywan\u0105 do obchodzenia sankcji naftowych.<\/p>\n<p>Rzecznik BSH zweryfikowa\u0142 raport gazety Bild, potwierdzaj\u0105c, \u017ce morskie farmy wiatrowe s\u0105 teraz zobowi\u0105zane do instalowania system\u00f3w radarowych. Nowe standardy bezpiecze\u0144stwa, kt\u00f3re zosta\u0142y opublikowane pod koniec stycznia i maj\u0105 wej\u015b\u0107 w \u017cycie w 2025 r., stanowi\u0105, \u017ce operatorzy farm wiatrowych musz\u0105 zainstalowa\u0107 zaawansowan\u0105 technologi\u0119 radarow\u0105 na odpowiednich konstrukcjach i udost\u0119pnia\u0107 zebrane dane w\u0142adzom.<\/p>\n<p>Nico Nolte, urz\u0119dnik BSH, wyja\u015bni\u0142, \u017ce zebrane dane zostan\u0105 wykorzystane przede wszystkim do zwi\u0119kszenia bezpiecze\u0144stwa szlak\u00f3w transportowych, a tak\u017ce zostan\u0105 przekazane do federalnego centrum bezpiecze\u0144stwa morskiego w Cuxhaven, odpowiedzialnego za nadzorowanie bezpiecze\u0144stwa i ochrony wybrze\u017ca Niemiec.<\/p>\n<p>\u0179r\u00f3d\u0142o: Reuters<\/p>\n","protected":false},"excerpt":{"rendered":"<p>Niemcy nakaza\u0142y, aby morskie farmy wiatrowe zlokalizowane wzd\u0142u\u017c ich p\u00f3\u0142nocnego wybrze\u017ca instalowa\u0142y systemy radarowe w celu wzmocnienia nadzoru zar\u00f3wno statk\u00f3w, jak i dron\u00f3w, wynika z raportu Reutersa. Federalna Agencja Morska i Hydrograficzna (BSH) oficjalnie potwierdzi\u0142a t\u0119 dyrektyw\u0119 2 kwietnia 2025 roku. Decyzja ta jest odpowiedzi\u0105 na rosn\u0105ce obawy o bezpiecze\u0144stwo wynikaj\u0105ce z inwazji Rosji na [&hellip;]<\/p>\n","protected":false},"author":13,"featured_media":40041,"comment_status":"closed","ping_status":"closed","sticky":false,"template":"","format":"standard","meta":[],"categories":[140,137,139,143,142],"tags":[],"acf":[],"_links":{"self":[{"href":"https:\/\/balticwind.eu\/pl\/wp-json\/wp\/v2\/posts\/42822"}],"collection":[{"href":"https:\/\/balticwind.eu\/pl\/wp-json\/wp\/v2\/posts"}],"about":[{"href":"https:\/\/balticwind.eu\/pl\/wp-json\/wp\/v2\/types\/post"}],"author":[{"embeddable":true,"href":"https:\/\/balticwind.eu\/pl\/wp-json\/wp\/v2\/users\/13"}],"replies":[{"embeddable":true,"href":"https:\/\/balticwind.eu\/pl\/wp-json\/wp\/v2\/comments?post=42822"}],"version-history":[{"count":0,"href":"https:\/\/balticwind.eu\/pl\/wp-json\/wp\/v2\/posts\/42822\/revisions"}],"wp:featuredmedia":[{"embeddable":true,"href":"https:\/\/balticwind.eu\/pl\/wp-json\/wp\/v2\/media\/40041"}],"wp:attachment":[{"href":"https:\/\/balticwind.eu\/pl\/wp-json\/wp\/v2\/media?parent=42822"}],"wp:term":[{"taxonomy":"category","embeddable":true,"href":"https:\/\/balticwind.eu\/pl\/wp-json\/wp\/v2\/categories?post=42822"},{"taxonomy":"post_tag","embeddable":true,"href":"https:\/\/balticwind.eu\/pl\/wp-json\/wp\/v2\/tags?post=42822"}],"curies":[{"name":"wp","href":"https:\/\/api.w.org\/{rel}","templated":true}]}}