{"id":43009,"date":"2025-04-24T06:30:15","date_gmt":"2025-04-24T04:30:15","guid":{"rendered":"https:\/\/balticwind.eu\/?p=43009"},"modified":"2025-04-24T00:23:47","modified_gmt":"2025-04-23T22:23:47","slug":"branza-wiatrowa-zainstalowala-rekordowa-moc-w-2024-r-pomimo-niestabilnosci-polityki","status":"publish","type":"post","link":"https:\/\/balticwind.eu\/pl\/branza-wiatrowa-zainstalowala-rekordowa-moc-w-2024-r-pomimo-niestabilnosci-polityki\/","title":{"rendered":"Bran\u017ca wiatrowa zainstalowa\u0142a rekordow\u0105 moc w 2024 r. pomimo niestabilno\u015bci polityki"},"content":{"rendered":"<div data-id=\"caa9e13\" data-element_type=\"widget\" data-widget_type=\"post-info.default\">\n<p><strong>23 kwietnia, Londyn | Opublikowany wczoraj flagowy raport Global Wind Energy Council pokazuje, \u017ce rok 2024 by\u0142 rekordowy pod wzgl\u0119dem nowych mocy, z 117 GW energii wiatrowej zainstalowanej na ca\u0142ym \u015bwiecie.<\/strong><\/p>\n<p>GWEC ostrzega jednak przed rosn\u0105c\u0105 niestabilno\u015bci\u0105 polityki na niekt\u00f3rych rynkach i wskazuje na potrzeb\u0119 poprawy mechanizm\u00f3w wydawania pozwole\u0144, przesy\u0142u sieci i aukcji, aby dotrzyma\u0107 kroku globalnemu trendowi elektryfikacji, osi\u0105gn\u0105\u0107 cele energetyczne i klimatyczne kraj\u00f3w oraz zmniejszy\u0107 zale\u017cno\u015b\u0107 od niestabilnych paliw kopalnych, jednocze\u015bnie spe\u0142niaj\u0105c globalnie uzgodnione ambicje potrojenia mocy energii odnawialnej do 2030 roku.<\/p>\n<p>GWEC zwraca uwag\u0119, \u017ce chocia\u017c rok 2024 by\u0142 kolejnym rekordowym rokiem pod wzgl\u0119dem instalacji wiatrowych, g\u0142\u00f3wne liczby maskuj\u0105 du\u017ce rozbie\u017cno\u015bci pod wzgl\u0119dem tempa wdra\u017cania na rynkach globalnych, przy czym lwia cz\u0119\u015b\u0107 instalacji ma miejsce na niewielkiej liczbie kluczowych dojrza\u0142ych rynk\u00f3w, w tym w Chinach i Europie.<\/p>\n<blockquote><p>\u201eEnergia wiatrowa nadal nap\u0119dza inwestycje i miejsca pracy, poprawia bezpiecze\u0144stwo energetyczne i obni\u017ca koszty konsumpcyjne, ale obserwujemy bardziej niestabilne \u015brodowisko polityczne w niekt\u00f3rych cz\u0119\u015bciach \u015bwiata, w tym ideologiczne ataki na wiatr i odnawialne \u017ar\u00f3d\u0142a energii oraz wstrzymywanie projekt\u00f3w w budowie, co zagra\u017ca pewno\u015bci inwestycji\u201d &#8211; <strong>Ben Backwell, dyrektor generalny GWEC<\/strong>.<\/p><\/blockquote>\n<p>\u201ePo raz kolejny bran\u017ca wiatrowa pobi\u0142a nowe rekordy instalacji, pomimo trudniejszych warunk\u00f3w makroekonomicznych w ci\u0105gu ostatnich kilku lat\u201d &#8211; powiedzia\u0142 <strong>Ben Backwell, dyrektor generalny GWEC<\/strong>. \u201ePodczas gdy energia wiatrowa nadal nap\u0119dza inwestycje i miejsca pracy, poprawia bezpiecze\u0144stwo energetyczne i obni\u017ca koszty konsumpcyjne, obserwujemy bardziej niestabilne \u015brodowisko polityczne w niekt\u00f3rych cz\u0119\u015bciach \u015bwiata, w tym ideologiczne ataki na wiatr i odnawialne \u017ar\u00f3d\u0142a energii oraz wstrzymywanie projekt\u00f3w w budowie, co zagra\u017ca pewno\u015bci inwestycji\u201d.<\/p>\n<p>Doda\u0142, \u017ce &#8220;agresywne podsycanie wojen taryfowych zwi\u0119ksza niepewno\u015b\u0107 co do mi\u0119dzynarodowych decyzji inwestycyjnych i grozi zak\u0142\u00f3ceniem mi\u0119dzynarodowych \u0142a\u0144cuch\u00f3w dostaw, na kt\u00f3rych opiera si\u0119 bran\u017ca wiatrowa. Pe\u0142ne koszty dla naszej bran\u017cy wynikaj\u0105ce z szerokiej gamy deklarowanych i gro\u017c\u0105cych ce\u0142, kt\u00f3re widzieli\u015bmy &#8211; zar\u00f3wno og\u00f3lnych, jak i dotycz\u0105cych konkretnych towar\u00f3w, takich jak stal &#8211; nie zosta\u0142y jeszcze w pe\u0142ni obliczone&#8221;.<\/p>\n<p>Pan Backwell doda\u0142: \u201eNiezwykle wa\u017cne jest, aby decydenci polityczni na ca\u0142ym \u015bwiecie nie odrywali wzroku od nagrody, zapewniali stabilne i przewidywalne ramy rynkowe, pracowali w ramach wielostronnych ram w celu zapewnienia wolnego i sprawiedliwego handlu oraz wsp\u00f3\u0142pracowali z inwestorami i przemys\u0142em, aby umo\u017cliwi\u0107 szybkie wdro\u017cenie czystej, wydajnej energii wiatrowej w celu wspierania wzrostu gospodarczego, odporno\u015bci i dobrobytu\u201d.<\/p>\n<p><strong>Kluczowe dane<\/strong><\/p>\n<p><span data-contrast=\"none\">Global Wind Report<\/span> 2025 zawiera dane z ka\u017cdego regionu \u015bwiata. Ubieg\u0142oroczny wzrost &#8211; <strong>109 GW nowej energii wiatrowej na l\u0105dzie i 8 GW energii wiatrowej na morzu<\/strong> &#8211; zwi\u0119ksza globaln\u0105 skumulowan\u0105 moc energii wiatrowej do 1 136 GW, roz\u0142o\u017con\u0105 na wszystkich kontynentach, a <strong>55 kraj\u00f3w zainstalowa\u0142o turbiny wiatrowe<\/strong> w ubieg\u0142ym roku.<\/p>\n<p>W 2024 r. Chiny by\u0142y liderem pod wzgl\u0119dem nowych instalacji, wyprzedzaj\u0105c USA, a nast\u0119pnie odpowiednio Niemcy i Indie, a Brazyli\u0119 zamykaj\u0105c\u0105 pierwsz\u0105 pi\u0105tk\u0119. Te same pi\u0119\u0107 rynk\u00f3w stanowi obecnie pierwsz\u0105 pi\u0105tk\u0119 pod wzgl\u0119dem \u0142\u0105cznej liczby instalacji na koniec 2024 r., a Brazylia wyprzedzi\u0142a Hiszpani\u0119.<\/p>\n<\/div>\n<div data-id=\"02b08fb\" data-element_type=\"widget\" data-widget_type=\"text-editor.default\">\n<table data-tablestyle=\"MsoTable15Plain3\" data-tablelook=\"1696\" aria-rowcount=\"6\">\n<tbody>\n<tr aria-rowindex=\"1\">\n<td data-celllook=\"4369\"><strong><span data-contrast=\"none\">TOP 5<\/span><\/strong><\/td>\n<td data-celllook=\"257\"><strong><span data-contrast=\"none\">2024 (MW)<\/span><\/strong><\/td>\n<td data-celllook=\"273\"><strong><span data-contrast=\"none\">Total (MW)<\/span><\/strong><\/td>\n<\/tr>\n<tr aria-rowindex=\"2\">\n<td data-celllook=\"4112\"><strong><span data-contrast=\"none\">Chiny<\/span><\/strong><\/td>\n<td data-celllook=\"0\"><span data-contrast=\"none\">\u00a0\u00a0\u00a0\u00a0\u00a0\u00a0\u00a0\u00a0\u00a0\u00a0\u00a0\u00a0\u00a0\u00a0\u00a0\u00a0\u00a0\u00a0\u00a0\u00a0\u00a0\u00a0 79824<\/span><\/td>\n<td data-celllook=\"16\"><span data-contrast=\"none\">\u00a0\u00a0\u00a0\u00a0\u00a0\u00a0\u00a0\u00a0\u00a0\u00a0\u00a0\u00a0 520600<\/span><\/td>\n<\/tr>\n<tr aria-rowindex=\"3\">\n<td data-celllook=\"4112\"><strong><span data-contrast=\"none\">USA<\/span><\/strong><\/td>\n<td data-celllook=\"0\"><span data-contrast=\"none\">\u00a0\u00a0\u00a0\u00a0\u00a0\u00a0\u00a0\u00a0\u00a0\u00a0\u00a0\u00a0\u00a0\u00a0\u00a0\u00a0\u00a0\u00a0\u00a0\u00a0\u00a0\u00a0\u00a0 4058<\/span><\/td>\n<td data-celllook=\"16\"><span data-contrast=\"none\">\u00a0\u00a0\u00a0\u00a0\u00a0\u00a0\u00a0\u00a0\u00a0\u00a0\u00a0\u00a0 154258<\/span><\/td>\n<\/tr>\n<tr aria-rowindex=\"4\">\n<td data-celllook=\"4112\"><strong><span data-contrast=\"none\">Niemcy<\/span><\/strong><\/td>\n<td data-celllook=\"0\"><span data-contrast=\"none\">\u00a0\u00a0\u00a0\u00a0\u00a0\u00a0\u00a0\u00a0\u00a0\u00a0\u00a0\u00a0\u00a0\u00a0\u00a0\u00a0\u00a0\u00a0\u00a0\u00a0\u00a0\u00a0\u00a0 4022<\/span><\/td>\n<td data-celllook=\"16\"><span data-contrast=\"none\">\u00a0\u00a0\u00a0\u00a0\u00a0\u00a0\u00a0\u00a0\u00a0\u00a0\u00a0\u00a0\u00a0\u00a0 72760<\/span><\/td>\n<\/tr>\n<tr aria-rowindex=\"5\">\n<td data-celllook=\"4112\"><strong><span data-contrast=\"none\">Indie<\/span><\/strong><\/td>\n<td data-celllook=\"0\"><span data-contrast=\"none\">\u00a0\u00a0\u00a0\u00a0\u00a0\u00a0\u00a0\u00a0\u00a0\u00a0\u00a0\u00a0\u00a0\u00a0\u00a0\u00a0\u00a0\u00a0\u00a0\u00a0\u00a0\u00a0\u00a0 3420<\/span><\/td>\n<td data-celllook=\"16\"><span data-contrast=\"none\">\u00a0\u00a0\u00a0\u00a0\u00a0\u00a0\u00a0\u00a0\u00a0\u00a0\u00a0\u00a0\u00a0\u00a0 48156<\/span><\/td>\n<\/tr>\n<tr aria-rowindex=\"6\">\n<td data-celllook=\"4368\"><strong><span data-contrast=\"none\">Brazylia<\/span><\/strong><\/td>\n<td data-celllook=\"256\"><span data-contrast=\"none\">\u00a0\u00a0\u00a0\u00a0\u00a0\u00a0\u00a0\u00a0\u00a0\u00a0\u00a0\u00a0\u00a0\u00a0\u00a0\u00a0\u00a0\u00a0\u00a0\u00a0\u00a0\u00a0\u00a0 3278<\/span><\/td>\n<td data-celllook=\"272\"><span data-contrast=\"none\">\u00a0\u00a0\u00a0\u00a0\u00a0\u00a0\u00a0\u00a0\u00a0\u00a0\u00a0\u00a0\u00a0\u00a0 33727<\/span><\/td>\n<\/tr>\n<\/tbody>\n<\/table>\n<p>W innych regionach odnotowano rekordowy wzrost. <strong>Region Azji i Pacyfiku odnotowa\u0142 7% wzrost rok do roku<\/strong>, podczas gdy <strong>Afryka i Bliski Wsch\u00f3d odnotowa\u0142y 107% wzrost rok do roku<\/strong>, dzi\u0119ki zainstalowaniu 794 MW w Egipcie i 390 MW w Arabii Saudyjskiej. W Ameryce P\u00f3\u0142nocnej, Ameryce \u0141aci\u0144skiej i Ameryce P\u00f3\u0142nocnej oraz Europie odnotowano spadek liczby nowych instalacji w por\u00f3wnaniu z 2023 rokiem.<\/p>\n<p>Raport prognozuje \u015bredni\u0105 z\u0142o\u017con\u0105 stop\u0119 wzrostu bran\u017cy wiatrowej na poziomie 8,8%, co oznacza kolejne 981 GW mocy energii wiatrowej na ca\u0142ym \u015bwiecie do 2030 roku. Us\u0142uga GWEC Market Intelligence przewiduje kolejne rekordowe lata do 2030 r., ze 138 GW nowej mocy w 2025 r., 140 GW w 2026 r., 160 GW w 2027 r., 167 w 2028 r. i skok w 2029 r. i 2030 r. do odpowiednio 183 GW i 194 GW.<\/p>\n<table data-tablestyle=\"MsoTable15Plain3\" data-tablelook=\"1696\" aria-rowcount=\"7\">\n<tbody>\n<tr aria-rowindex=\"1\">\n<td data-celllook=\"4369\"><strong><span data-contrast=\"none\">Rok<\/span><\/strong><\/td>\n<td data-celllook=\"273\"><strong>Prognoza rocznej mocy<\/strong><\/td>\n<\/tr>\n<tr aria-rowindex=\"2\">\n<td data-celllook=\"4112\"><span data-contrast=\"none\">2025<\/span><\/td>\n<td data-celllook=\"16\"><span data-contrast=\"none\">138 GW<\/span><\/td>\n<\/tr>\n<tr aria-rowindex=\"3\">\n<td data-celllook=\"4112\"><span data-contrast=\"none\">2026<\/span><\/td>\n<td data-celllook=\"16\"><span data-contrast=\"none\">140 GW<\/span><\/td>\n<\/tr>\n<tr aria-rowindex=\"4\">\n<td data-celllook=\"4112\"><span data-contrast=\"none\">2027<\/span><\/td>\n<td data-celllook=\"16\"><span data-contrast=\"none\">160 GW<\/span><\/td>\n<\/tr>\n<tr aria-rowindex=\"5\">\n<td data-celllook=\"4112\"><span data-contrast=\"none\">2028<\/span><\/td>\n<td data-celllook=\"16\"><span data-contrast=\"none\">167 GW<\/span><\/td>\n<\/tr>\n<tr aria-rowindex=\"6\">\n<td data-celllook=\"4112\"><span data-contrast=\"none\">2029<\/span><\/td>\n<td data-celllook=\"16\"><span data-contrast=\"none\">183 GW<\/span><\/td>\n<\/tr>\n<tr aria-rowindex=\"7\">\n<td data-celllook=\"4368\"><span data-contrast=\"none\">2030<\/span><\/td>\n<td data-celllook=\"272\"><span data-contrast=\"none\">194 GW<\/span><\/td>\n<\/tr>\n<\/tbody>\n<\/table>\n<p>W ubieg\u0142ym roku \u0142\u0105czny wolumen l\u0105dowej energetyki wiatrowej przyznany w aukcjach i innych mechanizmach zam\u00f3wie\u0144 podwoi\u0142 si\u0119 (z wy\u0142\u0105czeniem Chin). <strong>W Europie \u0142\u0105czny przyznany wolumen l\u0105dowej energetyki wiatrowej wyni\u00f3s\u0142 17 GW, czyli o 24% wi\u0119cej ni\u017c w 2023 roku<\/strong>. Wynika\u0142o to g\u0142\u00f3wnie z faktu, \u017ce moc l\u0105dowej energetyki wiatrowej przyznana w <strong>Niemczech osi\u0105gn\u0119\u0142a 11 GW<\/strong>, czyli o 72% (lub 4,6 GW) wi\u0119cej ni\u017c w roku poprzednim.<\/p>\n<p>Liczby te s\u0105 znacz\u0105ce w skali globalnej, ale instalacje mog\u0105 przyspieszy\u0107 jeszcze bardziej dzi\u0119ki odpowiednim ramom politycznym, zw\u0142aszcza dzi\u0119ki lepszym pozwoleniom i lepszym ramom aukcyjnym, kt\u00f3re zmniejszaj\u0105 ryzyko inwestor\u00f3w dzi\u0119ki instrumentom takim jak dwustronne kontrakty CfD.<\/p>\n<p>Kluczem do tej prognozy jest morska energetyka wiatrowa, podkre\u015blona rekordowym rokiem aukcji w 2024 roku. <strong>W ubieg\u0142ym roku na ca\u0142ym \u015bwiecie przyznano \u0142\u0105cznie 56,3 GW mocy morskiej energetyki wiatrowej<\/strong>. Europa by\u0142a liderem, z 23,2 GW przyznanymi w Europie i 17,4 GW w Chinach. Kolejna fala rynk\u00f3w r\u00f3wnie\u017c odnotowa\u0142a prze\u0142omowe lata: Korea Po\u0142udniowa przyzna\u0142a 3,3 GW, Tajwan (Chiny) 2,7 GW, a Japonia 1,4 GW.<\/p>\n<p>Prognoza GWEC na lata 2025-2030 przewiduje <strong>wzrost morskiej energetyki wiatrowej z 16 GW w 2025 r. do 34 GW<\/strong>, przy czym udzia\u0142 morskiej energetyki wiatrowej w nowych mocach wytw\u00f3rczych wzro\u015bnie z 11,8% do 17,5% do ko\u0144ca dekady.<\/p>\n<blockquote><p><strong>Girish Tanti, zast\u0119pca dyrektora generalnego Suzlon Group i wiceprzewodnicz\u0105cy GWEC, powiedzia\u0142<\/strong>: &#8220;Rok 2030 zbli\u017ca si\u0119 wielkimi krokami, a nasz cel 3x Renewables wymaga naszej uwagi. Ciesz\u0119 si\u0119, \u017ce Globalny Raport Wiatrowy GWEC 2025 nakre\u015bla krytyczn\u0105 map\u0119 drogow\u0105 potrzebn\u0105 globalnej bran\u017cy wiatrowej do wsp\u00f3\u0142pracy i zapewnienia, \u017ce wiatr odegra kluczow\u0105 rol\u0119 w globalnej transformacji energetycznej.<\/p><\/blockquote>\n<p>&#8220;Wiatr jest jednym z najta\u0144szych \u017ar\u00f3de\u0142 energii na \u015bwiecie i jednym z dw\u00f3ch \u017ar\u00f3de\u0142 energii odnawialnej, kt\u00f3re stanowi\u0105 95% ca\u0142ego globalnego wzrostu mocy odnawialnych w tej dekadzie. Mo\u017ce zaoferowa\u0107 konsumentom wysokiej jako\u015bci energi\u0119 z du\u017cym obci\u0105\u017ceniem podstawowym i zapewni\u0107 stabilno\u015b\u0107 sieci&#8221;.<\/p>\n<p>&#8220;Niew\u0105tpliwie wiatr pozwala nam po\u0142\u0105czy\u0107 op\u0142acalno\u015b\u0107 ekonomiczn\u0105 z naszymi celami klimatycznymi. Potrojenie odnawialnych \u017ar\u00f3de\u0142 energii i stopniowe wycofywanie paliw kopalnych to najbardziej realne rozwi\u0105zania w walce ze zmianami klimatu, ale musimy dzia\u0142a\u0107 ju\u017c teraz. Nie ma planety B, a naszym obowi\u0105zkiem jest ochrona tych, kt\u00f3rzy najbardziej ucierpi\u0105 w wyniku globalnego ocieplenia&#8221;.<\/p>\n<p>Tegoroczny Global Wind Report koncentruje si\u0119 na czterech kluczowych wyzwaniach stoj\u0105cych przed rynkiem: finansowych i makroekonomicznych przeciwno\u015bciach, barierach handlowych i fragmentacji rynku, nieodpowiednich ramach zam\u00f3wie\u0144 i aukcji oraz trudnych warunkach inwestycyjnych w globalnym \u0142a\u0144cuchu dostaw energii wiatrowej.<\/p>\n<p>Wykraczaj\u0105c poza marginalny wzrost z ubieg\u0142ego roku, niniejszy raport opowiada histori\u0119 bran\u017cy, kt\u00f3ra coraz bardziej wkracza w nowe regiony, wy\u0142ania nowe twierdze energii wiatrowej i technologi\u0119 wykorzystuj\u0105c\u0105 rosn\u0105ce zapotrzebowanie na bezpieczne dostawy czystej energii elektrycznej w coraz bardziej niestabilnym \u015bwiecie.<\/p>\n<p><a href=\"https:\/\/www.gwec.net\/reports\/globalwindreport\">Pobierz pe\u0142ny raport tutaj<\/a><\/p>\n<p>\u0179r\u00f3d\u0142o: GWEC<\/p>\n<\/div>\n","protected":false},"excerpt":{"rendered":"<p>23 kwietnia, Londyn | Opublikowany wczoraj flagowy raport Global Wind Energy Council pokazuje, \u017ce rok 2024 by\u0142 rekordowy pod wzgl\u0119dem nowych mocy, z 117 GW energii wiatrowej zainstalowanej na ca\u0142ym \u015bwiecie. GWEC ostrzega jednak przed rosn\u0105c\u0105 niestabilno\u015bci\u0105 polityki na niekt\u00f3rych rynkach i wskazuje na potrzeb\u0119 poprawy mechanizm\u00f3w wydawania pozwole\u0144, przesy\u0142u sieci i aukcji, aby dotrzyma\u0107 [&hellip;]<\/p>\n","protected":false},"author":8,"featured_media":43008,"comment_status":"closed","ping_status":"closed","sticky":false,"template":"","format":"standard","meta":[],"categories":[2046,137,2045,167],"tags":[],"acf":[],"_links":{"self":[{"href":"https:\/\/balticwind.eu\/pl\/wp-json\/wp\/v2\/posts\/43009"}],"collection":[{"href":"https:\/\/balticwind.eu\/pl\/wp-json\/wp\/v2\/posts"}],"about":[{"href":"https:\/\/balticwind.eu\/pl\/wp-json\/wp\/v2\/types\/post"}],"author":[{"embeddable":true,"href":"https:\/\/balticwind.eu\/pl\/wp-json\/wp\/v2\/users\/8"}],"replies":[{"embeddable":true,"href":"https:\/\/balticwind.eu\/pl\/wp-json\/wp\/v2\/comments?post=43009"}],"version-history":[{"count":0,"href":"https:\/\/balticwind.eu\/pl\/wp-json\/wp\/v2\/posts\/43009\/revisions"}],"wp:featuredmedia":[{"embeddable":true,"href":"https:\/\/balticwind.eu\/pl\/wp-json\/wp\/v2\/media\/43008"}],"wp:attachment":[{"href":"https:\/\/balticwind.eu\/pl\/wp-json\/wp\/v2\/media?parent=43009"}],"wp:term":[{"taxonomy":"category","embeddable":true,"href":"https:\/\/balticwind.eu\/pl\/wp-json\/wp\/v2\/categories?post=43009"},{"taxonomy":"post_tag","embeddable":true,"href":"https:\/\/balticwind.eu\/pl\/wp-json\/wp\/v2\/tags?post=43009"}],"curies":[{"name":"wp","href":"https:\/\/api.w.org\/{rel}","templated":true}]}}