{"id":4535,"date":"2021-07-14T22:19:32","date_gmt":"2021-07-14T20:19:32","guid":{"rendered":"https:\/\/balticwind.eu\/?p=4535"},"modified":"2021-07-14T22:19:34","modified_gmt":"2021-07-14T20:19:34","slug":"morten-petersen-musimy-uproscic-zmudne-procedury-wydawania-pozwolen-i-dazyc-do-wspolpracy","status":"publish","type":"post","link":"https:\/\/balticwind.eu\/pl\/morten-petersen-musimy-uproscic-zmudne-procedury-wydawania-pozwolen-i-dazyc-do-wspolpracy\/","title":{"rendered":"Morten Petersen: Musimy upro\u015bci\u0107 \u017cmudne procedury wydawania pozwole\u0144 i d\u0105\u017cy\u0107 do wsp\u00f3\u0142pracy"},"content":{"rendered":"<div class=\"fusion-fullwidth fullwidth-box fusion-builder-row-1 fusion-flex-container nonhundred-percent-fullwidth non-hundred-percent-height-scrolling\" style=\"background-color: rgba(255,255,255,0);background-position: center center;background-repeat: no-repeat;border-width: 0px 0px 0px 0px;border-color:#eaeaea;border-style:solid;\" ><div class=\"fusion-builder-row fusion-row fusion-flex-align-items-flex-start\" style=\"max-width:1289.6px;margin-left: calc(-4% \/ 2 );margin-right: calc(-4% \/ 2 );\"><div class=\"fusion-layout-column fusion_builder_column fusion-builder-column-0 fusion_builder_column_1_1 1_1 fusion-flex-column\"><div class=\"fusion-column-wrapper fusion-flex-justify-content-flex-start fusion-content-layout-column\" style=\"background-position:left top;background-repeat:no-repeat;-webkit-background-size:cover;-moz-background-size:cover;-o-background-size:cover;background-size:cover;padding: 0px 0px 0px 0px;\"><div class=\"fusion-text fusion-text-1\"><p><strong>1 lipca cz\u0142onkowie Komisji Przemys\u0142u, Bada\u0144 Naukowych i Energii (ITRE) Parlamentu Europejskiego debatowali nad projektem raportu Mortena Petersena na temat strategii Unii Europejskiej dla morskiej energetyki odnawialnej. Zwracamy si\u0119 do du\u0144skiego pos\u0142a do Parlamentu Europejskiego o komentarz do sprawozdania.<\/strong><!--more--><\/p>\n<p>Termin zg\u0142aszania poprawek do sprawozdania up\u0142yn\u0105\u0142 6 lipca, a Komisja ITRE ma g\u0142osowa\u0107 nad sprawozdaniem w pa\u017adzierniku 2021 roku. Petersen powiedzia\u0142, \u017ce za pomoc\u0105 raportu chce wys\u0142a\u0107 bardzo wyra\u017any sygna\u0142, \u017ce musimy zwi\u0119kszy\u0107 tempo i skal\u0119 integracji morskich odnawialnych \u017ar\u00f3de\u0142 energii w systemach energetycznych.<\/p>\n<p>&#8220;Morska energia odnawialna stanowi ogromn\u0105 szans\u0119 dla UE i b\u0119dzie kluczowym elementem naszej ekologicznej transformacji &#8211; ale je\u015bli nadal b\u0119dziemy robi\u0107 to, co do tej pory, nie osi\u0105gniemy naszych ambitnych cel\u00f3w. Aby odnie\u015b\u0107 sukces, musimy upro\u015bci\u0107 uci\u0105\u017cliwe procedury wydawania pozwole\u0144 i d\u0105\u017cy\u0107 do zwi\u0119kszenia wsp\u00f3\u0142pracy pa\u0144stw cz\u0142onkowskich. R\u00f3wnie wa\u017cne b\u0119dzie zaanga\u017cowanie wszystkich kraj\u00f3w, poniewa\u017c ka\u017cdy kraj w UE mo\u017ce czerpa\u0107 korzy\u015bci z ogromnych ilo\u015bci czystej i taniej zielonej energii, kt\u00f3r\u0105 mog\u0105 zapewni\u0107 morskie \u017ar\u00f3d\u0142a odnawialne&#8221; &#8211; powiedzia\u0142 w rozmowie z BalticWind.EU.<\/p>\n<div class=\"video-shortcode\">\n<blockquote class=\"twitter-tweet\" data-width=\"550\" data-dnt=\"true\">\n<p lang=\"en\" dir=\"ltr\">\ud83d\udca8<a href=\"https:\/\/twitter.com\/mortenhelveg?ref_src=twsrc%5Etfw\">@mortenhelveg<\/a> today presented his draft report on offshore <a href=\"https:\/\/twitter.com\/hashtag\/RenewableEnergy?src=hash&amp;ref_src=twsrc%5Etfw\">#RenewableEnergy<\/a>:  <\/p>\n<p>\ud83d\udcac&quot;Offshore renewable energy is a critical element in the \ud83c\uddea\ud83c\uddfa green transition &#8211; but we need to move much faster! If not we will not succeed in combating climate change&quot;\ud83c\udf0f<\/p>\n<p>\ud83d\udcf0 <a href=\"https:\/\/t.co\/esCfLI1klv\">https:\/\/t.co\/esCfLI1klv<\/a> <a href=\"https:\/\/t.co\/qj5W79RHg1\">pic.twitter.com\/qj5W79RHg1<\/a><\/p>\n<p>&mdash; Renew Europe (@RenewEurope) <a href=\"https:\/\/twitter.com\/RenewEurope\/status\/1410580851885289473?ref_src=twsrc%5Etfw\">July 1, 2021<\/a><\/p>\n<\/blockquote>\n<p><script async src=\"https:\/\/platform.twitter.com\/widgets.js\" charset=\"utf-8\"><\/script><\/div>\n<p><strong>Niezb\u0119dna wsp\u00f3\u0142praca<\/strong><\/p>\n<p>W raporcie Petersen wskazuje, \u017ce gospodarka neutralna dla klimatu wymaga wykorzystania energii odnawialnej na niespotykan\u0105 dot\u0105d skal\u0119. Podkre\u015bla, \u017ce je\u017celi nie zostan\u0105 podj\u0119te dalsze dzia\u0142ania w celu przyspieszenia rozwoju morskiej energii odnawialnej, UE nie b\u0119dzie w stanie wype\u0142ni\u0107 swoich zobowi\u0105za\u0144 w zakresie klimatu. Docelowo produkcja energii na wodach morskich wszystkich zbiornik\u00f3w w Europie powinna wynosi\u0107 60 GW do 2030 roku i 340 GW do 2050 roku, co jest zgodne z wcze\u015bniej przedstawionymi za\u0142o\u017ceniami.<\/p>\n<p>Petersen podkre\u015bla piln\u0105 potrzeb\u0119 modernizacji i rozbudowy istniej\u0105cej infrastruktury sieciowej w celu umo\u017cliwienia zwi\u0119kszonego przep\u0142ywu energii elektrycznej z morza do odbiorc\u00f3w na l\u0105dzie. Z zadowoleniem przyj\u0119to w nim wniosek Komisji dotycz\u0105cy przegl\u0105du rozporz\u0105dzenia w sprawie TEN-E oraz podkre\u015blono potrzeby i priorytety sektora morskiej energii odnawialnej. Uznaje zalety \u0142\u0105czenia instalacji morskich i aktyw\u00f3w przesy\u0142owych w procesie przetargowym.<\/p>\n<p>Podkre\u015bla, \u017ce wsp\u00f3\u0142praca UE ma kluczowe znaczenie dla maksymalizacji efektywnego wykorzystania zasob\u00f3w energetycznych na morzu. Pose\u0142 zauwa\u017ca, \u017ce obecne ramy prawne nie u\u0142atwiaj\u0105 w wystarczaj\u0105cym stopniu takiej wsp\u00f3\u0142pracy.<\/p>\n<p><strong>Usprawnienie wydawania zezwole\u0144<\/strong><\/p>\n<p>Du\u0144ski polityk zauwa\u017ca w raporcie, \u017ce ogromne zainteresowanie energetyk\u0105 morsk\u0105 spowoduje wzrost zapotrzebowania na coraz wi\u0119ksz\u0105 liczb\u0119 zezwole\u0144. Wzywa zatem pa\u0144stwa cz\u0142onkowskie do pilnego uproszczenia odpowiednich procedur i skoordynowania tych wysi\u0142k\u00f3w. Zach\u0119ca ona pa\u0144stwa cz\u0142onkowskie do poparcia propozycji stworzenia punkt\u00f3w kompleksowej obs\u0142ugi.<\/p>\n<p>Zwraca on uwag\u0119, \u017ce ca\u0142kowita powierzchnia wody potrzebna do zasilania morskich farm wiatrowych powinna wynosi\u0107 2,8 proc. W zwi\u0105zku z tym polityk podkre\u015bla potrzeb\u0119 zachowania sp\u00f3jno\u015bci mi\u0119dzy obszarami morskiej energii wiatrowej a innymi sektorami.<\/p>\n<\/div><\/div><style type=\"text\/css\">.fusion-body .fusion-builder-column-0{width:100% !important;margin-top : 0px;margin-bottom : 0px;}.fusion-builder-column-0 > .fusion-column-wrapper {padding-top : 0px !important;padding-right : 0px !important;margin-right : 1.92%;padding-bottom : 0px !important;padding-left : 0px !important;margin-left : 1.92%;}@media only screen and (max-width:1024px) {.fusion-body .fusion-builder-column-0{width:100% !important;}.fusion-builder-column-0 > .fusion-column-wrapper {margin-right : 1.92%;margin-left : 1.92%;}}@media only screen and (max-width:640px) {.fusion-body .fusion-builder-column-0{width:100% !important;}.fusion-builder-column-0 > .fusion-column-wrapper {margin-right : 1.92%;margin-left : 1.92%;}}<\/style><\/div><\/div><style type=\"text\/css\">.fusion-body .fusion-flex-container.fusion-builder-row-1{ padding-top : 0px;margin-top : 0px;padding-right : 0px;padding-bottom : 0px;margin-bottom : 0px;padding-left : 0px;}<\/style><\/div>\n","protected":false},"excerpt":{"rendered":"<p>1 lipca cz\u0142onkowie Komisji Przemys\u0142u, Bada\u0144 Naukowych i Energii (ITRE) Parlamentu Europejskiego debatowali nad projektem raportu Mortena Petersena na temat strategii Unii Europejskiej dla morskiej energetyki odnawialnej. Zwracamy si\u0119 do du\u0144skiego pos\u0142a do Parlamentu Europejskiego o komentarz do sprawozdania.<\/p>\n","protected":false},"author":5,"featured_media":2146,"comment_status":"open","ping_status":"open","sticky":false,"template":"","format":"standard","meta":[],"categories":[137,167,143],"tags":[175,176,161,160,177],"acf":[],"_links":{"self":[{"href":"https:\/\/balticwind.eu\/pl\/wp-json\/wp\/v2\/posts\/4535"}],"collection":[{"href":"https:\/\/balticwind.eu\/pl\/wp-json\/wp\/v2\/posts"}],"about":[{"href":"https:\/\/balticwind.eu\/pl\/wp-json\/wp\/v2\/types\/post"}],"author":[{"embeddable":true,"href":"https:\/\/balticwind.eu\/pl\/wp-json\/wp\/v2\/users\/5"}],"replies":[{"embeddable":true,"href":"https:\/\/balticwind.eu\/pl\/wp-json\/wp\/v2\/comments?post=4535"}],"version-history":[{"count":0,"href":"https:\/\/balticwind.eu\/pl\/wp-json\/wp\/v2\/posts\/4535\/revisions"}],"wp:featuredmedia":[{"embeddable":true,"href":"https:\/\/balticwind.eu\/pl\/wp-json\/wp\/v2\/media\/2146"}],"wp:attachment":[{"href":"https:\/\/balticwind.eu\/pl\/wp-json\/wp\/v2\/media?parent=4535"}],"wp:term":[{"taxonomy":"category","embeddable":true,"href":"https:\/\/balticwind.eu\/pl\/wp-json\/wp\/v2\/categories?post=4535"},{"taxonomy":"post_tag","embeddable":true,"href":"https:\/\/balticwind.eu\/pl\/wp-json\/wp\/v2\/tags?post=4535"}],"curies":[{"name":"wp","href":"https:\/\/api.w.org\/{rel}","templated":true}]}}