{"id":46026,"date":"2026-04-27T06:30:19","date_gmt":"2026-04-27T04:30:19","guid":{"rendered":"https:\/\/balticwind.eu\/?p=46026"},"modified":"2026-04-24T17:53:37","modified_gmt":"2026-04-24T15:53:37","slug":"pieciu-europejskich-operatorow-systemow-przesylowych-rozwaza-wspolprace-w-zakresie-infrastruktury-kabli-morskich-na-morzu-polnocnym","status":"publish","type":"post","link":"https:\/\/balticwind.eu\/pl\/pieciu-europejskich-operatorow-systemow-przesylowych-rozwaza-wspolprace-w-zakresie-infrastruktury-kabli-morskich-na-morzu-polnocnym\/","title":{"rendered":"Pi\u0119ciu europejskich operator\u00f3w system\u00f3w przesy\u0142owych rozwa\u017ca wsp\u00f3\u0142prac\u0119 w zakresie infrastruktury kabli morskich na Morzu P\u00f3\u0142nocnym"},"content":{"rendered":"<div id=\"model-response-message-contentr_e1fde3aec9bbeb20\" class=\"markdown markdown-main-panel stronger enable-updated-hr-color\" dir=\"ltr\">\n<div class=\"text typography--lead aem-GridColumn--tablet--12 aem-GridColumn--phone--12 aem-GridColumn aem-GridColumn--default--8\">\n<div id=\"text-ff0799f870\" class=\"cmp-text\" style=\"box-sizing: border-box; margin: 0px; padding: 0px; border: 0px; font-family: 'Proxima Nova', sans-serif; font-size: 1em; vertical-align: baseline;\" data-cmp-data-layer=\"{&quot;text-ff0799f870&quot;:{&quot;@type&quot;:&quot;orlen-internet\/components\/text&quot;,&quot;repo:modifyDate&quot;:&quot;2025-05-30T11:46:46Z&quot;,&quot;xdm:text&quot;:&quot;&lt;p&gt;Sp\u00f3\u0142ka ORLEN NEPTUN wybra\u0142a trzy polskie firmy: MEWO, ORLEN Petrobaltic i Geofizyka Toru\u0144, do zbadania warunk\u00f3w geologicznych dna Ba\u0142tyku na obszarze koncesji projektu wiatrowego Baltic East. Prace b\u0119d\u0105 prowadzone na morzu, na g\u0142\u0119boko\u015bci ok. 35 metr\u00f3w i zako\u0144cz\u0105 si\u0119 jeszcze w tym roku. Na bazie pozyskanych informacji powstanie wst\u0119pny projekt techniczny morskiej farmy wiatrowej. Udzia\u0142 polskich firm w realizacji farmy Baltic East ma wynie\u015b\u0107 45 proc. Jej planowana moc to ok. 1 GW \u2013 potencja\u0142 ten mo\u017ce zapewni\u0107 zeroemisyjn\u0105 energi\u0119 dla ok. 1,25 mln gospodarstw domowych.&amp;nbsp;&lt;\/p&gt;\\n&quot;}}\">\n<div id=\"model-response-message-contentr_de82340ea9d5459a\" class=\"markdown markdown-main-panel stronger enable-updated-hr-color\" dir=\"ltr\">\n<div class=\"field-item--body\">\n<div class=\"text-and-summary--text\">\n<div class=\"col-12 col-md-8 pt-2 pb-1 pb-md-4 pt-5 pt-md-8\">\n<section class=\"list-page-content kr-custom\">\n<div class=\"container\">\n<div class=\"large-10\">\n<div class=\"row\">\n<div class=\"col-12 richtext pb-4\">\n<div class=\"grid-rte\">\n<p><strong>Pi\u0119ciu europejskich operator\u00f3w system\u00f3w przesy\u0142owych (TSO) z Belgii, Danii, Niemiec i Holandii podpisa\u0142o protok\u00f3\u0142 ustale\u0144 (MoU) podczas dorocznej konferencji WindEurope w Madrycie. Ich celem jest zwi\u0119kszenie przyst\u0119pno\u015bci cenowej, wydajno\u015bci i niezawodno\u015bci przysz\u0142ego systemu elektroenergetycznego poprzez zacie\u015bnienie wsp\u00f3\u0142pracy w zakresie infrastruktury kabli morskich na Morzu P\u00f3\u0142nocnym. Podpisanie niniejszego protoko\u0142u stanowi pocz\u0105tek wsp\u00f3lnych europejskich dzia\u0142a\u0144 maj\u0105cych na celu dalsze wzmocnienie solidno\u015bci strukturalnej infrastruktury krytycznej niezb\u0119dnej do realizacji transformacji energetycznej. Inicjatywa jest otwarta dla innych operator\u00f3w system\u00f3w przesy\u0142owych nale\u017c\u0105cych do grupy Offshore TSO Collaboration (OTC), kt\u00f3rzy mog\u0105 do\u0142\u0105czy\u0107 do pi\u0119ciu uczestnicz\u0105cych operator\u00f3w w p\u00f3\u017aniejszym terminie.<\/strong><\/p>\n<p><strong>Kable morskie jako kluczowe ogniwo systemu energetycznego<\/strong><\/p>\n<p>Wraz ze wzrostem ilo\u015bci energii z morskich elektrowni wiatrowych oraz coraz wi\u0119kszym po\u0142\u0105czeniem kraj\u00f3w za pomoc\u0105 interkonektor\u00f3w, kable wysokiego napi\u0119cia na dnie morskim staj\u0105 si\u0119 coraz wa\u017cniejszym ogniwem w europejskim systemie dostaw energii elektrycznej. S\u0105 to z\u0142o\u017cone i strategiczne aktywa, niezb\u0119dne do niezawodnego przesy\u0142u energii odnawialnej na l\u0105d. Awarie lub d\u0142ugotrwa\u0142e przerwy w dostawach mog\u0105 stanowi\u0107 obci\u0105\u017cenie dla systemu i wywo\u0142a\u0107 skutki zar\u00f3wno spo\u0142eczne, jak i gospodarcze.<\/p>\n<p><strong>Wsp\u00f3lne dzia\u0142ania na rzecz wzmocnienia systemu<\/strong><\/p>\n<p>Poprzez podpisanie protoko\u0142u ustale\u0144 pi\u0119ciu operator\u00f3w system\u00f3w przesy\u0142owych \u2013 Elia (Belgia), Energinet (Dania), 50Hertz (Niemcy) oraz TenneT (Niemcy i Holandia) \u2013 zobowi\u0105zuje si\u0119 do zbadania, przez co najmniej rok, mo\u017cliwo\u015bci wymiany strategicznych i technicznych rozwi\u0105za\u0144. Dzi\u0119ki wymianie wiedzy na temat procedur naprawczych, cz\u0119\u015bci zamiennych i wykrywania usterek oraz wsp\u00f3lnemu sporz\u0105dzeniu mapy dost\u0119pnych statk\u00f3w, materia\u0142\u00f3w i mo\u017cliwo\u015bci technicznych strony chc\u0105 oceni\u0107 potencjalny wzrost wydajno\u015bci i wsp\u00f3lne mo\u017cliwo\u015bci. Po\u017c\u0105danym rezultatem s\u0105 szybsze i bardziej efektywne naprawy, maj\u0105ce mniejszy wp\u0142yw na system i zwi\u0105zane z tym koszty.<\/p>\n<p><strong>Strukturalna wsp\u00f3\u0142praca w ramach grup roboczych<\/strong><\/p>\n<p>Wsp\u00f3\u0142praca ta b\u0119dzie realizowana przez cztery grupy robocze zajmuj\u0105ce si\u0119 odpowiednio logistyk\u0105 napraw, cz\u0119\u015bciami zamiennymi i sprz\u0119tem, wykrywaniem usterek oraz ramami prawnymi i finansowymi. Ka\u017cdy z tych temat\u00f3w odgrywa kluczow\u0105 rol\u0119 w ograniczaniu przestoj\u00f3w system\u00f3w kablowych. Wsp\u00f3lnie badaj\u0105c, kt\u00f3re rozwi\u0105zania s\u0105 skalowalne i w jaki spos\u00f3b mo\u017cna zoptymalizowa\u0107 wykorzystanie zasob\u00f3w, operatorzy system\u00f3w przesy\u0142owych (TSO) k\u0142ad\u0105 podwaliny pod po\u0142\u0105czenie wydajno\u015bci technicznej z wyra\u017an\u0105 warto\u015bci\u0105 dodan\u0105 dla spo\u0142ecze\u0144stwa.<\/p>\n<p><strong>Perspektywy<\/strong><\/p>\n<p>Podpisanie protoko\u0142u ustale\u0144 w Madrycie stanowi punkt wyj\u015bcia dla procesu, kt\u00f3ry b\u0119dzie nabiera\u0142 kszta\u0142tu w nadchodz\u0105cych miesi\u0105cach. Je\u015bli faza analizy wykonalno\u015bci potwierdzi, \u017ce wsp\u00f3lne podej\u015bcie oferuje znacz\u0105ce korzy\u015bci, inicjatywa ta mo\u017ce przekszta\u0142ci\u0107 si\u0119 w trwa\u0142\u0105 i strukturaln\u0105 wsp\u00f3\u0142prac\u0119. Inicjatywa jest otwarta dla innych operator\u00f3w system\u00f3w przesy\u0142owych w ramach grupy OTC, kt\u00f3rzy mog\u0105 zdecydowa\u0107 si\u0119 na do\u0142\u0105czenie w p\u00f3\u017aniejszym terminie.<\/p>\n<p>W imieniu wszystkich dyrektor\u00f3w generalnych podpisuj\u0105cych niniejszy protok\u00f3\u0142 ustale\u0144:<\/p>\n<p><em>\u201eKable podmorskie stanowi\u0105 cz\u0119\u015b\u0107 wsp\u00f3lnej infrastruktury krytycznej operator\u00f3w system\u00f3w przesy\u0142owych, co sprawia, \u017ce wsp\u00f3\u0142praca jest nie tylko korzystna, ale wr\u0119cz niezb\u0119dna. Dzi\u0119ki \u015bcis\u0142ej wsp\u00f3\u0142pracy z s\u0105siednimi operatorami system\u00f3w przesy\u0142owych oraz podmiotami najbardziej zaanga\u017cowanymi w infrastruktur\u0119 Morza P\u00f3\u0142nocnego mo\u017cemy dzieli\u0107 si\u0119 praktycznym do\u015bwiadczeniem i efektywniej wykorzystywa\u0107 zasoby. Inicjatywa ta wzmacnia odporno\u015b\u0107 infrastruktury krytycznej oraz wspiera bezpieczne i niezawodne dostawy energii elektrycznej\u201d.<\/em><\/p>\n<p>Steffan Ladegaard Morrison, starszy dyrektor ds. aktyw\u00f3w, Energinet.<\/p>\n<\/div>\n<p>\u0179r\u00f3d\u0142o: Energinet<\/p>\n<\/div>\n<\/div>\n<\/div>\n<\/div>\n<\/section>\n<\/div>\n<\/div>\n<\/div>\n<\/div>\n<\/div>\n<\/div>\n<\/div>\n","protected":false},"excerpt":{"rendered":"<p>Pi\u0119ciu europejskich operator\u00f3w system\u00f3w przesy\u0142owych (TSO) z Belgii, Danii, Niemiec i Holandii podpisa\u0142o protok\u00f3\u0142 ustale\u0144 (MoU) podczas dorocznej konferencji WindEurope w Madrycie. Ich celem jest zwi\u0119kszenie przyst\u0119pno\u015bci cenowej, wydajno\u015bci i niezawodno\u015bci przysz\u0142ego systemu elektroenergetycznego poprzez zacie\u015bnienie wsp\u00f3\u0142pracy w zakresie infrastruktury kabli morskich na Morzu P\u00f3\u0142nocnym. Podpisanie niniejszego protoko\u0142u stanowi pocz\u0105tek wsp\u00f3lnych europejskich dzia\u0142a\u0144 maj\u0105cych na [&hellip;]<\/p>\n","protected":false},"author":13,"featured_media":40020,"comment_status":"closed","ping_status":"closed","sticky":false,"template":"","format":"standard","meta":[],"categories":[174,140,137,2045,167,139,143],"tags":[],"acf":[],"_links":{"self":[{"href":"https:\/\/balticwind.eu\/pl\/wp-json\/wp\/v2\/posts\/46026"}],"collection":[{"href":"https:\/\/balticwind.eu\/pl\/wp-json\/wp\/v2\/posts"}],"about":[{"href":"https:\/\/balticwind.eu\/pl\/wp-json\/wp\/v2\/types\/post"}],"author":[{"embeddable":true,"href":"https:\/\/balticwind.eu\/pl\/wp-json\/wp\/v2\/users\/13"}],"replies":[{"embeddable":true,"href":"https:\/\/balticwind.eu\/pl\/wp-json\/wp\/v2\/comments?post=46026"}],"version-history":[{"count":0,"href":"https:\/\/balticwind.eu\/pl\/wp-json\/wp\/v2\/posts\/46026\/revisions"}],"wp:featuredmedia":[{"embeddable":true,"href":"https:\/\/balticwind.eu\/pl\/wp-json\/wp\/v2\/media\/40020"}],"wp:attachment":[{"href":"https:\/\/balticwind.eu\/pl\/wp-json\/wp\/v2\/media?parent=46026"}],"wp:term":[{"taxonomy":"category","embeddable":true,"href":"https:\/\/balticwind.eu\/pl\/wp-json\/wp\/v2\/categories?post=46026"},{"taxonomy":"post_tag","embeddable":true,"href":"https:\/\/balticwind.eu\/pl\/wp-json\/wp\/v2\/tags?post=46026"}],"curies":[{"name":"wp","href":"https:\/\/api.w.org\/{rel}","templated":true}]}}