{"id":46031,"date":"2026-04-29T00:00:07","date_gmt":"2026-04-28T22:00:07","guid":{"rendered":"https:\/\/balticwind.eu\/?p=46031"},"modified":"2026-04-29T00:00:07","modified_gmt":"2026-04-28T22:00:07","slug":"morze-wiatru-kampania-psew-i-fundacji-orlen-rozprawia-sie-z-mitami","status":"publish","type":"post","link":"https:\/\/balticwind.eu\/pl\/morze-wiatru-kampania-psew-i-fundacji-orlen-rozprawia-sie-z-mitami\/","title":{"rendered":"Morze Wiatru: Kampania PSEW i Fundacji ORLEN rozprawia si\u0119 z mitami"},"content":{"rendered":"<div id=\"model-response-message-contentr_e1fde3aec9bbeb20\" class=\"markdown markdown-main-panel stronger enable-updated-hr-color\" dir=\"ltr\">\n<div class=\"text typography--lead aem-GridColumn--tablet--12 aem-GridColumn--phone--12 aem-GridColumn aem-GridColumn--default--8\">\n<div id=\"text-ff0799f870\" class=\"cmp-text\" style=\"box-sizing: border-box; margin: 0px; padding: 0px; border: 0px; font-family: 'Proxima Nova', sans-serif; font-size: 1em; vertical-align: baseline;\" data-cmp-data-layer=\"{&quot;text-ff0799f870&quot;:{&quot;@type&quot;:&quot;orlen-internet\/components\/text&quot;,&quot;repo:modifyDate&quot;:&quot;2025-05-30T11:46:46Z&quot;,&quot;xdm:text&quot;:&quot;&lt;p&gt;Sp\u00f3\u0142ka ORLEN NEPTUN wybra\u0142a trzy polskie firmy: MEWO, ORLEN Petrobaltic i Geofizyka Toru\u0144, do zbadania warunk\u00f3w geologicznych dna Ba\u0142tyku na obszarze koncesji projektu wiatrowego Baltic East. Prace b\u0119d\u0105 prowadzone na morzu, na g\u0142\u0119boko\u015bci ok. 35 metr\u00f3w i zako\u0144cz\u0105 si\u0119 jeszcze w tym roku. Na bazie pozyskanych informacji powstanie wst\u0119pny projekt techniczny morskiej farmy wiatrowej. Udzia\u0142 polskich firm w realizacji farmy Baltic East ma wynie\u015b\u0107 45 proc. Jej planowana moc to ok. 1 GW \u2013 potencja\u0142 ten mo\u017ce zapewni\u0107 zeroemisyjn\u0105 energi\u0119 dla ok. 1,25 mln gospodarstw domowych.&amp;nbsp;&lt;\/p&gt;\\n&quot;}}\">\n<div id=\"model-response-message-contentr_de82340ea9d5459a\" class=\"markdown markdown-main-panel stronger enable-updated-hr-color\" dir=\"ltr\">\n<div class=\"field-item--body\">\n<div class=\"text-and-summary--text\">\n<p><b>Polska wchodzi w prze\u0142omow\u0105 faz\u0119 transformacji \u2013 opart\u0105 o w\u0142asne, przewidywalne i suwerenne \u017ar\u00f3d\u0142a energii, takie jak morska energetyka wiatrowa na Ba\u0142tyku. Rok 2026 ma wymiar historyczny \u2013 to moment uruchomienia pierwszej polskiej farmy wiatrowej na morzu. Ten kluczowy sektor poddawany jest dezinformacji, kt\u00f3ra szerzy narracj\u0119 podwa\u017caj\u0105c\u0105 sens inwestycji w morsk\u0105 energetyk\u0119 wiatrow\u0105. W odpowiedzi na te wyzwania trwa kampania \u201eMorze Wiatru\u201d, realizowana przez PSEW i Fundacj\u0119 ORLEN, kt\u00f3ra ma na celu uporz\u0105dkowanie debaty publicznej i oparcie jej na danych, a nie mitach.<\/b><\/p>\n<p>Polska znajduje si\u0119 dzi\u015b w kluczowym momencie rozwoju jednego z filar\u00f3w bezpiecze\u0144stwa energetycznego i nowoczesnej gospodarki. Morska energetyka wiatrowa to jedno z najwi\u0119kszych przedsi\u0119wzi\u0119\u0107 infrastrukturalnych w powojennej historii kraju.<span class=\"Apple-converted-space\">\u00a0<\/span><\/p>\n<p><span class=\"Apple-converted-space\">\u00a0<\/span>&#8211; <i>Polska, dzi\u0119ki inwestycjom w porty, produkcj\u0119 i kompetencje, nie tylko ma realn\u0105 szans\u0119 na budow\u0119 nowoczesnego systemu energetycznego, ale ma tak\u017ce potencja\u0142, by sta\u0107 si\u0119 kluczowym ogniwem europejskiego \u0142a\u0144cucha dostaw dla morskiej energetyki wiatrowej. Widzimy jak wa\u017cna dla realizacji tych cel\u00f3w jest spo\u0142eczna akceptacja, st\u0105d nasza kampania skupia si\u0119 na rzetelnych faktach i wynikaj\u0105cych z nich korzy\u015bciach zar\u00f3wno dla pa\u0144stwa i gospodarki, jak i dla ca\u0142ego spo\u0142ecze\u0144stwa &#8211; <\/i><b>m\u00f3wi Janusz Gajowiecki, prezes PSEW.<\/b><\/p>\n<p>Jak zauwa\u017caj\u0105 eksperci, rozw\u00f3j sektora zwi\u0105zanego z morsk\u0105 energetyk\u0105 wiatrow\u0105 napotyka na rosn\u0105c\u0105 fal\u0119 dezinformacji. W debacie publicznej pojawiaj\u0105 si\u0119 niepoparte badaniami tezy dotycz\u0105ce rzekomo negatywnego wp\u0142ywu farm wiatrowych na gospodark\u0119 i \u015brodowisko. Kampania \u201eMorze Wiatru\u201d odpowiada na te wyzwania poprzez dzia\u0142ania edukacyjne oparte na danych, analizach i do\u015bwiadczeniach rynk\u00f3w zagranicznych.<\/p>\n<p><span class=\"Apple-converted-space\">\u00a0<\/span>&#8211; <i>Fundacja ORLEN anga\u017cuje si\u0119 w projekty dotycz\u0105ce morskiej energetyki wiatrowej, bo dostrzegamy potrzeb\u0119 rzetelnej debaty o przysz\u0142o\u015bci polskiej gospodarki i energetyki. Morska energetyka wiatrowa to jeden z obszar\u00f3w, w kt\u00f3rych decyzje podejmowane dzi\u015b b\u0119d\u0105 wp\u0142ywa\u0107 na bezpiecze\u0144stwo energetyczne przez kolejne dekady. Nasz\u0105 rol\u0105 jest wspieranie inicjatyw opartych na wiedzy, faktach i analizach oraz przeciwdzia\u0142anie dezinformacji, kt\u00f3ra zbyt cz\u0119sto towarzyszy du\u017cym zmianom systemowym. Chcemy budowa\u0107 \u015bwiadomo\u015b\u0107 i zrozumienie tego, jak transformacja energetyczna mo\u017ce s\u0142u\u017cy\u0107 spo\u0142ecze\u0144stwu i gospodarce, w spos\u00f3b odpowiedzialny, d\u0142ugofalowy i uczciwy<\/i> \u2013 <b>m\u00f3wi Micha\u0142 Stachyra, cz\u0142onek Zarz\u0105du Fundacji ORLEN.<\/b><\/p>\n<p>Na stronie kampanii <a href=\"http:\/\/www.morzewiatru.pl\">www.morzewiatru.pl<\/a> u\u017cytkownicy znajd\u0105 m.in. sekcj\u0119 \u201eFakty i mity\u201d, materia\u0142y edukacyjne oraz narz\u0119dzia pozwalaj\u0105ce w przyst\u0119pny spos\u00f3b zweryfikowa\u0107 najcz\u0119\u015bciej powtarzane nieprawdziwe informacje. Projekt ma charakter og\u00f3lnopolski i \u0142\u0105czy dzia\u0142ania informacyjne, edukacyjne i\u00a0wizerunkowe, buduj\u0105c sprzyjaj\u0105ce otoczenie dla rozwoju inwestycji energetycznych w Polsce.<span class=\"Apple-converted-space\">\u00a0<\/span><\/p>\n<p>Dzia\u0142ania realizowane przez Polskie Stowarzyszenie Energetyki Wiatrowej przy wsparciu Fundacji ORLEN wpisuj\u0105 si\u0119 w szerszy kontekst budowania \u015bwiadomej, opartej na wiedzy debaty publicznej wok\u00f3\u0142 transformacji energetycznej w Polsce. Jak podkre\u015blaj\u0105 eksperci, jednym z kluczowych wyzwa\u0144 jest dzi\u015b potrzeba systematycznej edukacji spo\u0142ecze\u0144stwa, tak aby ogranicza\u0107 wp\u0142yw dezinformacji, kt\u00f3ra mo\u017ce spowalnia\u0107 rozw\u00f3j strategicznych inwestycji energetycznych. Budowanie \u015bwiadomo\u015bci w tym obszarze jest niezb\u0119dne, by wspiera\u0107 d\u0105\u017cenie Polski do niezale\u017cno\u015bci energetycznej oraz rozw\u00f3j w\u0142asnych, krajowych \u017ar\u00f3de\u0142 energii, zwi\u0119kszaj\u0105cych bezpiecze\u0144stwo i stabilno\u015b\u0107 systemu.<span class=\"Apple-converted-space\">\u00a0<\/span><\/p>\n<p><span class=\"Apple-converted-space\">\u00a0<\/span>&#8211; <i>Rozw\u00f3j morskiej energetyki wiatrowej odbywa si\u0119 dzi\u015b w warunkach realnej wojny informacyjnej. Sektor energetyczny jako kluczowy dla bezpiecze\u0144stwa pa\u0144stwa, jest szczeg\u00f3lnie nara\u017cony na celowe manipulacje i dezinformacj\u0119, kt\u00f3re mog\u0105 podwa\u017ca\u0107 zaufanie do strategicznych inwestycji. To zjawisko jest niebezpieczne, bo uderza w fundamenty naszej niezale\u017cno\u015bci energetycznej. Dlatego w kampanii \u201eMorze Wiatru\u201d stoimy na stra\u017cy fakt\u00f3w, edukacji i rzetelnej wiedzy, buduj\u0105c zaufanie do nowoczesnych, zielonych \u017ar\u00f3de\u0142 energii, kt\u00f3re mamy dzi\u015b szans\u0119 rozwija\u0107 w Polsce \u2013<\/i> <b>m\u00f3wi Ma\u0142gorzata \u017bmijewska-Kukie\u0142ka, rzeczniczka prasowa PSEW i koordynatorka kampanii<\/b>.<\/p>\n<p>Kampania pokazuje, \u017ce morska energetyka wiatrowa to nie tylko transformacja energetyczna, ale tak\u017ce impuls rozwojowy dla krajowego przemys\u0142u, port\u00f3w, firm serwisowych i zaplecza technologicznego. W d\u0142u\u017cszej perspektywie oznacza to r\u00f3wnie\u017c wi\u0119ksz\u0105 stabilno\u015b\u0107 systemu energetycznego oraz uniezale\u017cnienie si\u0119 od paliw kopalnych.<\/p>\n<p>\u0179r\u00f3d\u0142o: Polskie Stowarzyszenie Energetyki Wiatrowej<\/p>\n<\/div>\n<\/div>\n<\/div>\n<\/div>\n<\/div>\n<\/div>\n","protected":false},"excerpt":{"rendered":"<p>Polska wchodzi w prze\u0142omow\u0105 faz\u0119 transformacji \u2013 opart\u0105 o w\u0142asne, przewidywalne i suwerenne \u017ar\u00f3d\u0142a energii, takie jak morska energetyka wiatrowa na Ba\u0142tyku. Rok 2026 ma wymiar historyczny \u2013 to moment uruchomienia pierwszej polskiej farmy wiatrowej na morzu. Ten kluczowy sektor poddawany jest dezinformacji, kt\u00f3ra szerzy narracj\u0119 podwa\u017caj\u0105c\u0105 sens inwestycji w morsk\u0105 energetyk\u0119 wiatrow\u0105. W odpowiedzi [&hellip;]<\/p>\n","protected":false},"author":13,"featured_media":46030,"comment_status":"closed","ping_status":"closed","sticky":false,"template":"","format":"standard","meta":[],"categories":[137,167,164,139,142],"tags":[],"acf":[],"_links":{"self":[{"href":"https:\/\/balticwind.eu\/pl\/wp-json\/wp\/v2\/posts\/46031"}],"collection":[{"href":"https:\/\/balticwind.eu\/pl\/wp-json\/wp\/v2\/posts"}],"about":[{"href":"https:\/\/balticwind.eu\/pl\/wp-json\/wp\/v2\/types\/post"}],"author":[{"embeddable":true,"href":"https:\/\/balticwind.eu\/pl\/wp-json\/wp\/v2\/users\/13"}],"replies":[{"embeddable":true,"href":"https:\/\/balticwind.eu\/pl\/wp-json\/wp\/v2\/comments?post=46031"}],"version-history":[{"count":0,"href":"https:\/\/balticwind.eu\/pl\/wp-json\/wp\/v2\/posts\/46031\/revisions"}],"wp:featuredmedia":[{"embeddable":true,"href":"https:\/\/balticwind.eu\/pl\/wp-json\/wp\/v2\/media\/46030"}],"wp:attachment":[{"href":"https:\/\/balticwind.eu\/pl\/wp-json\/wp\/v2\/media?parent=46031"}],"wp:term":[{"taxonomy":"category","embeddable":true,"href":"https:\/\/balticwind.eu\/pl\/wp-json\/wp\/v2\/categories?post=46031"},{"taxonomy":"post_tag","embeddable":true,"href":"https:\/\/balticwind.eu\/pl\/wp-json\/wp\/v2\/tags?post=46031"}],"curies":[{"name":"wp","href":"https:\/\/api.w.org\/{rel}","templated":true}]}}