{"id":46036,"date":"2026-04-30T10:24:31","date_gmt":"2026-04-30T08:24:31","guid":{"rendered":"https:\/\/balticwind.eu\/?p=46036"},"modified":"2026-04-30T10:24:31","modified_gmt":"2026-04-30T08:24:31","slug":"morskie-farmy-wiatrowe-baltyk-2-i-3-nabieraja-tempa-na-ladzie-i-pod-woda","status":"publish","type":"post","link":"https:\/\/balticwind.eu\/pl\/morskie-farmy-wiatrowe-baltyk-2-i-3-nabieraja-tempa-na-ladzie-i-pod-woda\/","title":{"rendered":"Morskie farmy wiatrowe Ba\u0142tyk 2 i 3 nabieraj\u0105 tempa na l\u0105dzie i pod wod\u0105"},"content":{"rendered":"<div id=\"model-response-message-contentr_e1fde3aec9bbeb20\" class=\"markdown markdown-main-panel stronger enable-updated-hr-color\" dir=\"ltr\">\n<div class=\"text typography--lead aem-GridColumn--tablet--12 aem-GridColumn--phone--12 aem-GridColumn aem-GridColumn--default--8\">\n<div id=\"text-ff0799f870\" class=\"cmp-text\" style=\"box-sizing: border-box; margin: 0px; padding: 0px; border: 0px; font-family: 'Proxima Nova', sans-serif; font-size: 1em; vertical-align: baseline;\" data-cmp-data-layer=\"{&quot;text-ff0799f870&quot;:{&quot;@type&quot;:&quot;orlen-internet\/components\/text&quot;,&quot;repo:modifyDate&quot;:&quot;2025-05-30T11:46:46Z&quot;,&quot;xdm:text&quot;:&quot;&lt;p&gt;Sp\u00f3\u0142ka ORLEN NEPTUN wybra\u0142a trzy polskie firmy: MEWO, ORLEN Petrobaltic i Geofizyka Toru\u0144, do zbadania warunk\u00f3w geologicznych dna Ba\u0142tyku na obszarze koncesji projektu wiatrowego Baltic East. Prace b\u0119d\u0105 prowadzone na morzu, na g\u0142\u0119boko\u015bci ok. 35 metr\u00f3w i zako\u0144cz\u0105 si\u0119 jeszcze w tym roku. Na bazie pozyskanych informacji powstanie wst\u0119pny projekt techniczny morskiej farmy wiatrowej. Udzia\u0142 polskich firm w realizacji farmy Baltic East ma wynie\u015b\u0107 45 proc. Jej planowana moc to ok. 1 GW \u2013 potencja\u0142 ten mo\u017ce zapewni\u0107 zeroemisyjn\u0105 energi\u0119 dla ok. 1,25 mln gospodarstw domowych.&amp;nbsp;&lt;\/p&gt;\\n&quot;}}\">\n<div id=\"model-response-message-contentr_de82340ea9d5459a\" class=\"markdown markdown-main-panel stronger enable-updated-hr-color\" dir=\"ltr\">\n<div class=\"field-item--body\">\n<div class=\"text-and-summary--text\">\n<p><b>Pierwsza cz\u0119\u015b\u0107 instalacji systemu narzut\u00f3w kamiennych zabezpieczaj\u0105cych dno morskie, kolejne etapy zaawansowania w budowie bazy serwisowej w \u0141ebie, post\u0119py na l\u0105dowych stacjach elektroenergetycznych ko\u0142o Ustki, do kt\u00f3rych dostarczono dwa pierwsze transformatory, a tak\u017ce u\u0142o\u017cenie wi\u0119kszo\u015bci l\u0105dowego przy\u0142\u0105cza \u2013 tak wygl\u0105da stan prac na koniec pierwszego kwarta\u0142u 2026 r. na farmach Ba\u0142tyk 2 i Ba\u0142tyk 3, rozwijanych wsp\u00f3lnie przez Equinor i Polenergi\u0119.<\/b> <b>Post\u0119p prac uchwycony na materiale wideo obrazuje r\u00f3wnoleg\u0142y rozw\u00f3j inwestycji w wielu lokalizacjach.<\/b><\/p>\n<p>rozpocz\u0119\u0142a si\u0119 pierwsza faza morskiej kampanii instalacyjnej, w ramach kt\u00f3rej do pracy skierowano wyspecjalizowane jednostki. Zajmuj\u0105 si\u0119 one uk\u0142adaniem kamieni (<i>Subsea Rock Installation<\/i>) na dnie morza \u2013 to dzia\u0142anie o kluczowym znaczeniu dla bezpiecze\u0144stwa i trwa\u0142o\u015bci infrastruktury. Na morski plac budowy trafi w sumie ponad milion ton materia\u0142u, kt\u00f3ry zabezpieczy kable eksportowe i wewn\u0119trzne oraz fundamenty turbin przed oddzia\u0142ywaniem fal i pr\u0105d\u00f3w morskich.<\/p>\n<p>W licznych zak\u0142adach w Polsce i za granic\u0105 trwa fabrykacja, kompletowanie i przygotowania do sukcesywnego transportu element\u00f3w infrastruktury, w tym monopali, element\u00f3w przej\u015bciowych (<i>transition piecies<\/i>), kabli morskich oraz wybranych komponent\u00f3w morskich stacji elektroenergetycznych, w tym g\u0142\u00f3wnych cz\u0119\u015bci (<i>topside)<\/i>. Ponadto rozpocz\u0119\u0142a si\u0119 produkcja wie\u017c morskich turbin wiatrowych dla projektu Ba\u0142tyk 2. Wkr\u00f3tce na Ba\u0142tyku rozpocznie si\u0119 etap w\u0142a\u015bciwej instalacji, zaczynaj\u0105c od monopali i element\u00f3w przej\u015bciowych. W kolejnych miesi\u0105cach realizowana b\u0119dzie instalacja kabli eksportowych i wewn\u0119trznych.<\/p>\n<p>Znaczny post\u0119p dotyczy r\u00f3wnie\u017c budowy na l\u0105dzie. Stacje elektroenergetyczne (ONS) dla projekt\u00f3w Ba\u0142tyk 2 i Ba\u0142tyk 3 w P\u0119plinie w gminie Ustka zostan\u0105 wyposa\u017cone w dwa transformatory o mocy 450 MVA i wadze 352 ton ka\u017cdy. Trwaj\u0105 dalsze prace wyko\u0144czeniowe oraz instalacja aparatury elektroenergetycznej. R\u00f3wnolegle rozwijana jest infrastruktura przy\u0142\u0105czeniowa do krajowej sieci elektroenergetycznej. Obecny stan zaawansowania prac dla linii 220 kV si\u0119ga ju\u017c blisko 80%, a dla 400 kV oko\u0142o 90%. Na odcinku wyj\u015bcia kabli na l\u0105d (landfall) prowadzone s\u0105 bezwykopowe przewierty metod\u0105 HDD.<\/p>\n<p>Istotnym elementem infrastruktury l\u0105dowej jest powstaj\u0105ca w \u0141ebie baza operacyjno-serwisowa, kt\u00f3ra stanie si\u0119 centrum zarz\u0105dzania i obs\u0142ugi morskich farm wiatrowych. Obiekt jest obecnie na etapie finalnych prac budowlanych, wyposa\u017cania w nowoczesn\u0105 infrastruktur\u0119 techniczn\u0105 oraz magazynow\u0105. Powstaje tam magazyn cz\u0119\u015bci zamiennych, zaplecze biurowe z centrum zdalnego sterowania farmami wiatrowymi oraz nabrze\u017ce do obs\u0142ugi jednostek. R\u00f3wnolegle trwa rekrutacja zespo\u0142u, kt\u00f3ry b\u0119dzie odpowiada\u0142 m.in. za operacyjne funkcjonowanie farm.<\/p>\n<p>Morskie farmy wiatrowe Ba\u0142tyk 2 i Ba\u0142tyk 3, rozwijane przez Equinor i Polenergi\u0119, osi\u0105gn\u0105 \u0142\u0105czn\u0105 moc 1 440 MW i pozwol\u0105 zasili\u0107 zielon\u0105 energi\u0105 ponad 2 miliony gospodarstw domowych w Polsce. Pierwszy pr\u0105d pop\u0142ynie do sieci w 2027 roku, a komercyjne uruchomienie zaplanowane jest na 2028 rok.<\/p>\n<p>Film nt. post\u0119pu prac mo\u017cna obejrze\u0107 tutaj: <a href=\"https:\/\/baltyk123.pl\/morskie-farmy-wiatrowe-baltyk-2-i-3-nabieraja-tempa-na-ladzie-i-pod-woda\/\">Morskie farmy wiatrowe Ba\u0142tyk 2 i 3 nabieraj\u0105 tempa na l\u0105dzie i pod wod\u0105 | Farmy wiatrowe na Ba\u0142tyku<\/a><\/p>\n<p>\u0179r\u00f3d\u0142o: MFW Ba\u0142tyk<\/p>\n<\/div>\n<\/div>\n<\/div>\n<\/div>\n<\/div>\n<\/div>\n","protected":false},"excerpt":{"rendered":"<p>Pierwsza cz\u0119\u015b\u0107 instalacji systemu narzut\u00f3w kamiennych zabezpieczaj\u0105cych dno morskie, kolejne etapy zaawansowania w budowie bazy serwisowej w \u0141ebie, post\u0119py na l\u0105dowych stacjach elektroenergetycznych ko\u0142o Ustki, do kt\u00f3rych dostarczono dwa pierwsze transformatory, a tak\u017ce u\u0142o\u017cenie wi\u0119kszo\u015bci l\u0105dowego przy\u0142\u0105cza \u2013 tak wygl\u0105da stan prac na koniec pierwszego kwarta\u0142u 2026 r. na farmach Ba\u0142tyk 2 i Ba\u0142tyk 3, [&hellip;]<\/p>\n","protected":false},"author":13,"featured_media":46035,"comment_status":"closed","ping_status":"closed","sticky":false,"template":"","format":"standard","meta":[],"categories":[137,164,139],"tags":[],"acf":[],"_links":{"self":[{"href":"https:\/\/balticwind.eu\/pl\/wp-json\/wp\/v2\/posts\/46036"}],"collection":[{"href":"https:\/\/balticwind.eu\/pl\/wp-json\/wp\/v2\/posts"}],"about":[{"href":"https:\/\/balticwind.eu\/pl\/wp-json\/wp\/v2\/types\/post"}],"author":[{"embeddable":true,"href":"https:\/\/balticwind.eu\/pl\/wp-json\/wp\/v2\/users\/13"}],"replies":[{"embeddable":true,"href":"https:\/\/balticwind.eu\/pl\/wp-json\/wp\/v2\/comments?post=46036"}],"version-history":[{"count":0,"href":"https:\/\/balticwind.eu\/pl\/wp-json\/wp\/v2\/posts\/46036\/revisions"}],"wp:featuredmedia":[{"embeddable":true,"href":"https:\/\/balticwind.eu\/pl\/wp-json\/wp\/v2\/media\/46035"}],"wp:attachment":[{"href":"https:\/\/balticwind.eu\/pl\/wp-json\/wp\/v2\/media?parent=46036"}],"wp:term":[{"taxonomy":"category","embeddable":true,"href":"https:\/\/balticwind.eu\/pl\/wp-json\/wp\/v2\/categories?post=46036"},{"taxonomy":"post_tag","embeddable":true,"href":"https:\/\/balticwind.eu\/pl\/wp-json\/wp\/v2\/tags?post=46036"}],"curies":[{"name":"wp","href":"https:\/\/api.w.org\/{rel}","templated":true}]}}