{"id":48177,"date":"2026-09-02T07:17:30","date_gmt":"2026-09-02T05:17:30","guid":{"rendered":"https:\/\/balticwind.eu\/europa-na-kursie-rekordowego-roku-88-gw-nowych-mocy-wiatrowych-w-pierwszym-polroczu-2026\/"},"modified":"2026-09-02T07:17:30","modified_gmt":"2026-09-02T05:17:30","slug":"europa-na-kursie-rekordowego-roku-88-gw-nowych-mocy-wiatrowych-w-pierwszym-polroczu-2026","status":"publish","type":"post","link":"https:\/\/balticwind.eu\/pl\/europa-na-kursie-rekordowego-roku-88-gw-nowych-mocy-wiatrowych-w-pierwszym-polroczu-2026\/","title":{"rendered":"Europa na kursie rekordowego roku. 8,8 GW nowych mocy wiatrowych w pierwszym p\u00f3\u0142roczu 2026"},"content":{"rendered":"<p>W pierwszym p\u00f3\u0142roczu 2026 roku Europa zainstalowa\u0142a 8,8 GW nowych mocy wiatrowych, o 30% wi\u0119cej ni\u017c rok wcze\u015bniej. To stawia kontynent na kursie rekordowego roku. Dane opublikowa\u0142o 1 wrze\u015bnia stowarzyszenie bran\u017cowe WindEurope w swoim raporcie jesiennym.<\/p>\n<p>WindEurope spodziewa si\u0119 obecnie, \u017ce do ko\u0144ca 2026 roku w Europie powstanie 24 GW nowych mocy, czemu sprzyja\u0142o wysokie tempo prac instalacyjnych latem. Stowarzyszenie okre\u015bla ten rok jako pocz\u0105tek fazy przyspieszenia w kierunku sta\u0142ego poziomu 30 GW rocznie w latach trzydziestych. Turbiny dodane w pierwszym p\u00f3\u0142roczu mog\u0105 wytworzy\u0107 energi\u0119 dla oko\u0142o 7 milion\u00f3w europejskich gospodarstw domowych.<\/p>\n<p>Na Niemcy przypad\u0142o 3,4 GW p\u00f3\u0142rocznego wyniku, najwi\u0119cej spo\u015br\u00f3d wszystkich rynk\u00f3w. Wyra\u017anie wi\u0119cej mocy przyby\u0142o tak\u017ce w Danii, Polsce, Portugalii i we Francji, a Ukraina zainstalowa\u0142a ponad 400 MW mimo trwaj\u0105cej wojny.<\/p>\n<p>Podobny obraz daj\u0105 inwestycje i aukcje. Zgodnie z raportem jesiennym w ci\u0105gu sze\u015bciu miesi\u0119cy w nowe farmy wiatrowe zainwestowano 9 mld euro, a rz\u0105dy krajowe rozdzieli\u0142y w aukcjach ponad 17 GW mocy wiatrowej. W drugim p\u00f3\u0142roczu do rozdysponowania pozostaje kolejne 26 GW. WindEurope podkre\u015bla, \u017ce Europa nigdy wcze\u015bniej nie zaoferowa\u0142a w aukcjach tylu nowych mocy wiatrowych w jednym roku. Stowarzyszenie szacuje, \u017ce do 2030 roku \u0142\u0105czna zainstalowana moc si\u0119gnie 436 GW, z czego 342 GW w Unii Europejskiej, co odpowiada\u0142oby 27% unijnego zapotrzebowania na energi\u0119 elektryczn\u0105.<\/p>\n<p>G\u0142\u00f3wnym ograniczeniem pozostaj\u0105 pozwolenia. Niemcy wyda\u0142y w pierwszym p\u00f3\u0142roczu 2026 roku pozwolenia dla ponad 9 GW nowych projekt\u00f3w wiatrowych na l\u0105dzie i zmierzaj\u0105 ku kolejnemu rekordowi, ale WindEurope nazywa je wyj\u0105tkiem: w Hiszpanii, Francji, Wielkiej Brytanii, we W\u0142oszech i w Irlandii liczba wydanych pozwole\u0144 spad\u0142a.<\/p>\n<p>&#8222;Rok 2026 mo\u017ce by\u0107 rekordowy dla energetyki wiatrowej. Ale nie mo\u017cemy uzna\u0107 tego tempa za pewnik&#8221; &#8211; powiedzia\u0142a Tinne Van der Straeten, dyrektor generalna WindEurope. &#8222;Dok\u0142adnie wtedy, gdy wiatr jest nam najbardziej potrzebny dla odporno\u015bci gospodarczej Europy, liczba pozwole\u0144 na kluczowych rynkach spada. Decyzje rz\u0105d\u00f3w w sprawie pozwole\u0144, aukcji, sieci i elektryfikacji w najbli\u017cszych miesi\u0105cach przes\u0105dz\u0105 o tym, czy to tempo si\u0119 utrzyma.&#8221;<\/p>\n<p>Stowarzyszenie sformu\u0142owa\u0142o pi\u0119\u0107 postulat\u00f3w wobec UE i rz\u0105d\u00f3w krajowych: uzgodni\u0107 i wdro\u017cy\u0107 unijne przepisy dotycz\u0105ce pozwole\u0144, zamkn\u0105\u0107 pakiet sieciowy i udro\u017cni\u0107 kolejki przy\u0142\u0105czeniowe, skierowa\u0107 wp\u0142ywy z systemu ETS na elektryfikacj\u0119 przemys\u0142u przez Fundusz Innowacyjny i Bank Dekarbonizacji Przemys\u0142u, ustali\u0107 wi\u0105\u017c\u0105cy cel dla odnawialnych \u017ar\u00f3de\u0142 na 2040 rok oraz przesta\u0107 zmienia\u0107 konstrukcj\u0119 aukcji, kt\u00f3re zdaniem WindEurope powinny opiera\u0107 si\u0119 na dwustronnych kontraktach r\u00f3\u017cnicowych.<\/p>\n<p>Dla regionu Morza Ba\u0142tyckiego dane maj\u0105 dwa oblicza. Niemcy, Dania i Polska nap\u0119dzaj\u0105 p\u00f3\u0142roczny wzrost, a wolumeny przetarg\u00f3w zaplanowane na reszt\u0119 2026 roku przes\u0105dz\u0105 o tym, jaka cz\u0119\u015b\u0107 celu na 2030 rok powstanie wok\u00f3\u0142 Ba\u0142tyku. Decyzje o pozwoleniach i sieciach, na kt\u00f3re wskazuje WindEurope, s\u0105 tymi samymi, kt\u00f3re rozstrzygaj\u0105, kiedy polskie i niemieckie projekty l\u0105dowe wejd\u0105 w faz\u0119 budowy, a nowe moce morskie znajd\u0105 punkt przy\u0142\u0105czenia.<\/p>\n","protected":false},"excerpt":{"rendered":"<p>W pierwszym p\u00f3\u0142roczu 2026 roku Europa zainstalowa\u0142a 8,8 GW nowych mocy wiatrowych, o 30% wi\u0119cej ni\u017c rok wcze\u015bniej. WindEurope prognozuje 24 GW w ca\u0142ym roku, ale ostrzega, \u017ce spadaj\u0105ca liczba pozwole\u0144 poza Niemcami mo\u017ce zatrzyma\u0107 to tempo.<\/p>\n","protected":false},"author":8,"featured_media":48173,"comment_status":"","ping_status":"","sticky":false,"template":"","format":"standard","meta":{"footnotes":""},"categories":[2045,143,142],"tags":[],"class_list":["post-48177","post","type-post","status-publish","format-standard","has-post-thumbnail","hentry","category-energia-wiatrowa-onshore","category-regulatory-pl","category-top-news-pl"],"acf":[],"_links":{"self":[{"href":"https:\/\/balticwind.eu\/pl\/wp-json\/wp\/v2\/posts\/48177","targetHints":{"allow":["GET"]}}],"collection":[{"href":"https:\/\/balticwind.eu\/pl\/wp-json\/wp\/v2\/posts"}],"about":[{"href":"https:\/\/balticwind.eu\/pl\/wp-json\/wp\/v2\/types\/post"}],"author":[{"embeddable":true,"href":"https:\/\/balticwind.eu\/pl\/wp-json\/wp\/v2\/users\/8"}],"replies":[{"embeddable":true,"href":"https:\/\/balticwind.eu\/pl\/wp-json\/wp\/v2\/comments?post=48177"}],"version-history":[{"count":0,"href":"https:\/\/balticwind.eu\/pl\/wp-json\/wp\/v2\/posts\/48177\/revisions"}],"wp:featuredmedia":[{"embeddable":true,"href":"https:\/\/balticwind.eu\/pl\/wp-json\/wp\/v2\/media\/48173"}],"wp:attachment":[{"href":"https:\/\/balticwind.eu\/pl\/wp-json\/wp\/v2\/media?parent=48177"}],"wp:term":[{"taxonomy":"category","embeddable":true,"href":"https:\/\/balticwind.eu\/pl\/wp-json\/wp\/v2\/categories?post=48177"},{"taxonomy":"post_tag","embeddable":true,"href":"https:\/\/balticwind.eu\/pl\/wp-json\/wp\/v2\/tags?post=48177"}],"curies":[{"name":"wp","href":"https:\/\/api.w.org\/{rel}","templated":true}]}}