{"id":48198,"date":"2026-09-03T09:43:50","date_gmt":"2026-09-03T07:43:50","guid":{"rendered":"https:\/\/balticwind.eu\/piec-lat-od-pozwolenia-do-pierwszej-energii-energiequelle-uruchamia-turbine-42-mw-w-krummensee\/"},"modified":"2026-09-03T09:43:50","modified_gmt":"2026-09-03T07:43:50","slug":"piec-lat-od-pozwolenia-do-pierwszej-energii-energiequelle-uruchamia-turbine-42-mw-w-krummensee","status":"publish","type":"post","link":"https:\/\/balticwind.eu\/pl\/piec-lat-od-pozwolenia-do-pierwszej-energii-energiequelle-uruchamia-turbine-42-mw-w-krummensee\/","title":{"rendered":"Pi\u0119\u0107 lat od pozwolenia do pierwszej energii: Energiequelle uruchamia turbin\u0119 4,2 MW w Krummensee"},"content":{"rendered":"<p>Energiequelle wprowadzi\u0142a do sieci pierwsz\u0105 kilowatogodzin\u0119 z nowej turbiny o mocy 4,2 MW w Krummensee w powiecie Barnim w Brandenburgii, ponad pi\u0119\u0107 lat po wydaniu pozwolenia. Enercon E-138 EP3 E2 o wysoko\u015bci wie\u017cy 160 metr\u00f3w rozbudowuje istniej\u0105c\u0105 farm\u0119 wiatrow\u0105 w obszarze priorytetowym Krummensee, w gminie Werneuchen.<\/p>\n<p>Najciekawsze jest tu op\u00f3\u017anienie. Pozwolenie emisyjne wydano w lipcu 2021 roku. Nast\u0119pnie sp\u00f3r prawny zablokowa\u0142 projekt na lata, a w lipcu 2024 roku deweloper musia\u0142 uzyska\u0107 przed\u0142u\u017cenie terminu, \u017ceby pozwolenie w og\u00f3le nie wygas\u0142o. Dopiero po zako\u0144czeniu sporu, we wrze\u015bniu 2024 roku, ruszy\u0142y prace przygotowawcze: badania archeologiczne i zabezpieczenie zabytk\u00f3w ziemnych, a nast\u0119pnie budowa dr\u00f3g dojazdowych i plac\u00f3w monta\u017cowych. Fundamentowanie rozpocz\u0119to w marcu 2025 roku.<\/p>\n<p>Sama lokalizacja jest dobra. Energiequelle ocenia jako\u015b\u0107 stanowiska na niespe\u0142na 80 procent, co wed\u0142ug firmy daje solidn\u0105 podstaw\u0119 do d\u0142ugoterminowej produkcji. Turbina uzupe\u0142nia farm\u0119, w kt\u00f3rej zrealizowano wcze\u015bniej mi\u0119dzy innymi projekt Krummensee IV, a w tym samym miejscu planowana jest kolejna instalacja.<\/p>\n<p>Cz\u0119\u015bci\u0105 zgody by\u0142y dzia\u0142ania kompensacyjne. Zag\u0142\u0119bienie terenu na polu uprawnym ponownie nawodniono, tworz\u0105c zbiornik wodny z przylegaj\u0105cym terenem \u017cerowania, czyli siedlisko \u017curawi obok farmy wiatrowej.<\/p>\n<p>&#8220;Ten projekt towarzyszy\u0142 nam przez wiele lat i wielokrotnie stawia\u0142 przed nami nowe wyzwania. Tym bardziej cieszymy si\u0119, \u017ce instalacja zosta\u0142a uruchomiona&#8221; &#8211; powiedzia\u0142 Vincent Wahrenburg, kierownik projektu w Energiequelle, dzi\u0119kuj\u0105c urz\u0119dom, partnerom i wykonawcom.<\/p>\n<p>Dla \u015bledz\u0105cych reform\u0119 procesu inwestycyjnego Krummensee to u\u017cyteczny punkt odniesienia. Niemcy przez ostatnie dwa lata przyspiesza\u0142y procedury zgodowe, a mimo to rozbudowa o jedn\u0105 turbin\u0119 na terenie z pozwoleniem, w wyznaczonym obszarze priorytetowym, potrzebowa\u0142a pi\u0119ciu lat na doj\u015bcie do sieci, przy czym wi\u0119kszo\u015b\u0107 tego czasu poch\u0142on\u0105\u0142 sp\u00f3r s\u0105dowy, a nie urz\u0119dy. Polska i pa\u0144stwa ba\u0142tyckie pisz\u0105 w\u0142asne przepisy dla wiatru na l\u0105dzie, mierz\u0105c si\u0119 z tym samym problemem: w\u0105skim gard\u0142em rzadko jest pierwsze pozwolenie, tylko wszystko, co mo\u017cna potem przeciwko niemu z\u0142o\u017cy\u0107. Energiequelle, za\u0142o\u017cona w 1997 roku i z siedzib\u0105 w Kallinchen, przy\u0142\u0105czy\u0142a dot\u0105d do sieci ponad 850 instalacji w Europie i Republice Po\u0142udniowej Afryki.<\/p>\n","protected":false},"excerpt":{"rendered":"<p>Energiequelle uruchomi\u0142a turbin\u0119 Enercon o mocy 4,2 MW w Krummensee w Brandenburgii, pi\u0119\u0107 lat po wydaniu pozwolenia i po sporze prawnym, kt\u00f3ry omal nie doprowadzi\u0142 do jego wyga\u015bni\u0119cia.<\/p>\n","protected":false},"author":8,"featured_media":48194,"comment_status":"","ping_status":"","sticky":false,"template":"","format":"standard","meta":{"footnotes":""},"categories":[2045,143],"tags":[],"class_list":["post-48198","post","type-post","status-publish","format-standard","has-post-thumbnail","hentry","category-energia-wiatrowa-onshore","category-regulatory-pl"],"acf":[],"_links":{"self":[{"href":"https:\/\/balticwind.eu\/pl\/wp-json\/wp\/v2\/posts\/48198","targetHints":{"allow":["GET"]}}],"collection":[{"href":"https:\/\/balticwind.eu\/pl\/wp-json\/wp\/v2\/posts"}],"about":[{"href":"https:\/\/balticwind.eu\/pl\/wp-json\/wp\/v2\/types\/post"}],"author":[{"embeddable":true,"href":"https:\/\/balticwind.eu\/pl\/wp-json\/wp\/v2\/users\/8"}],"replies":[{"embeddable":true,"href":"https:\/\/balticwind.eu\/pl\/wp-json\/wp\/v2\/comments?post=48198"}],"version-history":[{"count":0,"href":"https:\/\/balticwind.eu\/pl\/wp-json\/wp\/v2\/posts\/48198\/revisions"}],"wp:featuredmedia":[{"embeddable":true,"href":"https:\/\/balticwind.eu\/pl\/wp-json\/wp\/v2\/media\/48194"}],"wp:attachment":[{"href":"https:\/\/balticwind.eu\/pl\/wp-json\/wp\/v2\/media?parent=48198"}],"wp:term":[{"taxonomy":"category","embeddable":true,"href":"https:\/\/balticwind.eu\/pl\/wp-json\/wp\/v2\/categories?post=48198"},{"taxonomy":"post_tag","embeddable":true,"href":"https:\/\/balticwind.eu\/pl\/wp-json\/wp\/v2\/tags?post=48198"}],"curies":[{"name":"wp","href":"https:\/\/api.w.org\/{rel}","templated":true}]}}