{"id":48214,"date":"2026-09-04T12:32:06","date_gmt":"2026-09-04T10:32:06","guid":{"rendered":"https:\/\/balticwind.eu\/berliner-stadtwerke-przejmuje-od-juwi-projekt-wiatrowy-diehlo-west-o-mocy-12-mw\/"},"modified":"2026-09-04T12:32:06","modified_gmt":"2026-09-04T10:32:06","slug":"berliner-stadtwerke-przejmuje-od-juwi-projekt-wiatrowy-diehlo-west-o-mocy-12-mw","status":"publish","type":"post","link":"https:\/\/balticwind.eu\/pl\/berliner-stadtwerke-przejmuje-od-juwi-projekt-wiatrowy-diehlo-west-o-mocy-12-mw\/","title":{"rendered":"Berliner Stadtwerke przejmuje od JUWI projekt wiatrowy Diehlo-West o mocy 12 MW"},"content":{"rendered":"<p>Berliner Stadtwerke przej\u0119\u0142y od dewelopera JUWI sp\u00f3\u0142k\u0119 celow\u0105 realizuj\u0105c\u0105 Diehlo-West, dwuturbinow\u0105 farm\u0119 wiatrow\u0105 budowan\u0105 w pobli\u017cu Eisenh\u00fcttenstadt w Brandenburgii. Transakcja wesz\u0142a w \u017cycie 31 sierpnia 2026 roku, a przy\u0142\u0105czenie instalacji o mocy 12 MW do sieci zaplanowano na trzeci kwarta\u0142 2027 roku.<\/p>\n<p>Projekt obejmuje dwie turbiny Vestas V150 o wysoko\u015bci wie\u017cy 169 metr\u00f3w, zlokalizowane w Diehlo, dzielnicy Eisenh\u00fcttenstadt w powiecie Oder-Spree, oko\u0142o 90 kilometr\u00f3w na po\u0142udniowy wsch\u00f3d od Berlina. Energia trafi do sieci przez now\u0105 stacj\u0119 elektroenergetyczn\u0105 110 kV. Przy szacowanej produkcji 40 GWh rocznie obie turbiny pokry\u0142yby zu\u017cycie ponad 21 500 gospodarstw domowych i pozwoli\u0142yby unikn\u0105\u0107 oko\u0142o 13 300 ton emisji CO2 rocznie.<\/p>\n<p>JUWI doprowadzi\u0142o projekt przez proces pozwoleniowy a\u017c do wczesnej fazy budowy, nast\u0119pnie powo\u0142a\u0142o sp\u00f3\u0142k\u0119 celow\u0105 i przekaza\u0142o j\u0105 berli\u0144skiemu przedsi\u0119biorstwu, kt\u00f3re doko\u0144czy inwestycj\u0119. Wszystkie wymagane pozwolenia zosta\u0142y wydane, a pierwsze prace budowlane ju\u017c si\u0119 rozpocz\u0119\u0142y.<\/p>\n<p>&#8220;Tym projektem Berliner Stadtwerke konsekwentnie realizuj\u0105 swoj\u0105 strategi\u0119. Te dwie turbiny pod Eisenh\u00fcttenstadt zwi\u0119kszaj\u0105 ilo\u015b\u0107 energii, kt\u00f3r\u0105 wytwarzamy samodzielnie, niezale\u017cnie od rynku&#8221; &#8211; powiedzia\u0142 Chris Werner, prezes Berliner Stadtwerke. Po transakcji w\u0142asne moce wytw\u00f3rcze sp\u00f3\u0142ki rosn\u0105 do 178,5 MW. Werner doda\u0142, \u017ce produkcja z wiatru uzupe\u0142nia wytwarzanie s\u0142oneczne firmy, w du\u017cej mierze na dachach w Berlinie, i pozwala utrzyma\u0107 stabilne ceny dla odbiorc\u00f3w w d\u0142ugim okresie.<\/p>\n<p>Christian Arnold, prezes JUWI, wskaza\u0142 na dorobek firmy w tym landzie: &#8220;Pierwsze projekty w Brandenburgii zrealizowali\u015bmy oko\u0142o dziesi\u0119\u0107 lat temu. Tym nowym projektem po raz kolejny potwierdzili\u015bmy nasze kompetencje deweloperskie w ca\u0142ych Niemczech&#8221;.<\/p>\n<p>Transakcja wpisuje si\u0119 w schemat powszechny ju\u017c na niemieckim rynku l\u0105dowym, gdzie komunalne przedsi\u0119biorstwa energetyczne coraz cz\u0119\u015bciej kupuj\u0105 od deweloper\u00f3w projekty z pozwoleniami lub cz\u0119\u015bciowo zbudowane, zamiast rozwija\u0107 w\u0142asne. To \u015bcie\u017cka warta obserwacji z polskiej i ba\u0142tyckiej perspektywy, gdzie dostawcy komunalni i regionalni mierz\u0105 si\u0119 z tym samym deficytem w\u0142asnych kompetencji deweloperskich. Berliner Stadtwerke powsta\u0142y w 2014 roku jako sp\u00f3\u0142ka zale\u017cna Berliner Wasserbetriebe i zainwestowa\u0142y dot\u0105d ponad 172 miliony euro w projekty odnawialne. JUWI z siedzib\u0105 w W\u00f6rrstadt, nale\u017c\u0105ce do koncernu MVV Energie z Mannheim, zatrudnia oko\u0142o 1350 os\u00f3b na \u015bwiecie.<\/p>\n","protected":false},"excerpt":{"rendered":"<p>Berliner Stadtwerke kupi\u0142y od JUWI sp\u00f3\u0142k\u0119 celow\u0105 farmy wiatrowej Diehlo-West o mocy 12 MW pod Eisenh\u00fcttenstadt, zwi\u0119kszaj\u0105c w\u0142asne moce wytw\u00f3rcze do 178,5 MW.<\/p>\n","protected":false},"author":8,"featured_media":48191,"comment_status":"","ping_status":"","sticky":false,"template":"","format":"standard","meta":{"footnotes":""},"categories":[140,139],"tags":[],"class_list":["post-48214","post","type-post","status-publish","format-standard","has-post-thumbnail","hentry","category-niemcy","category-projekty"],"acf":[],"_links":{"self":[{"href":"https:\/\/balticwind.eu\/pl\/wp-json\/wp\/v2\/posts\/48214","targetHints":{"allow":["GET"]}}],"collection":[{"href":"https:\/\/balticwind.eu\/pl\/wp-json\/wp\/v2\/posts"}],"about":[{"href":"https:\/\/balticwind.eu\/pl\/wp-json\/wp\/v2\/types\/post"}],"author":[{"embeddable":true,"href":"https:\/\/balticwind.eu\/pl\/wp-json\/wp\/v2\/users\/8"}],"replies":[{"embeddable":true,"href":"https:\/\/balticwind.eu\/pl\/wp-json\/wp\/v2\/comments?post=48214"}],"version-history":[{"count":0,"href":"https:\/\/balticwind.eu\/pl\/wp-json\/wp\/v2\/posts\/48214\/revisions"}],"wp:featuredmedia":[{"embeddable":true,"href":"https:\/\/balticwind.eu\/pl\/wp-json\/wp\/v2\/media\/48191"}],"wp:attachment":[{"href":"https:\/\/balticwind.eu\/pl\/wp-json\/wp\/v2\/media?parent=48214"}],"wp:term":[{"taxonomy":"category","embeddable":true,"href":"https:\/\/balticwind.eu\/pl\/wp-json\/wp\/v2\/categories?post=48214"},{"taxonomy":"post_tag","embeddable":true,"href":"https:\/\/balticwind.eu\/pl\/wp-json\/wp\/v2\/tags?post=48214"}],"curies":[{"name":"wp","href":"https:\/\/api.w.org\/{rel}","templated":true}]}}