{"id":48215,"date":"2026-09-04T12:32:07","date_gmt":"2026-09-04T10:32:07","guid":{"rendered":"https:\/\/balticwind.eu\/perigus-energy-uruchamia-park-sloneczny-83-mwp-wewnatrz-czynnej-zagrody-dla-danieli\/"},"modified":"2026-09-04T12:32:07","modified_gmt":"2026-09-04T10:32:07","slug":"perigus-energy-uruchamia-park-sloneczny-83-mwp-wewnatrz-czynnej-zagrody-dla-danieli","status":"publish","type":"post","link":"https:\/\/balticwind.eu\/pl\/perigus-energy-uruchamia-park-sloneczny-83-mwp-wewnatrz-czynnej-zagrody-dla-danieli\/","title":{"rendered":"Perigus Energy uruchamia park s\u0142oneczny 8,3 MWp wewn\u0105trz czynnej zagrody dla danieli"},"content":{"rendered":"<p>Perigus Energy uruchomi\u0142a naziemny park s\u0142oneczny o mocy 8,3 MWp zbudowany wewn\u0105trz czynnej zagrody dla danieli na gospodarstwie Weiherhof w S\u00f6tern, w gminie Nohfelden w Kraju Saary. Instalacj\u0119 oficjalnie otwarto 1 wrze\u015bnia 2026 roku. Wed\u0142ug dewelopera jest to pierwsza w Niemczech wielkoskalowa elektrownia naziemna dziel\u0105ca teren z hodowl\u0105 zwierz\u0105t w takim gatunku zagrody.<\/p>\n<p>Instalacja zajmuje 6,9 hektara zagrody i ma wytwarza\u0107 oko\u0142o 9,5 miliona kilowatogodzin rocznie, co odpowiada zu\u017cyciu mniej wi\u0119cej 3200 gospodarstw domowych i oko\u0142o 5530 tonom unikni\u0119tej emisji CO2 w skali roku. Perigus Energy wybudowa\u0142a instalacj\u0119 i b\u0119dzie j\u0105 d\u0142ugoterminowo eksploatowa\u0107.<\/p>\n<p>O powodzeniu podw\u00f3jnego wykorzystania terenu decyduje konstrukcja. Modu\u0142y umieszczono na podwy\u017cszonych stela\u017cach w koncepcji agri-PV, z prze\u015bwitem od 1,60 do 1,80 metra nad gruntem, co pozostawia stadu miejsce do poruszania si\u0119 pod panelami i mi\u0119dzy rz\u0119dami, a jednocze\u015bnie daje cie\u0144 w upa\u0142 i os\u0142on\u0119 przy z\u0142ej pogodzie. Cz\u0119\u015bciowe zacienienie ma te\u017c stabilizowa\u0107 plony z pastwiska w suche lata. Zamontowano dedykowane ogrodzenie ochronne oraz dostosowane do hodowli zabezpieczenia tras kablowych i falownik\u00f3w.<\/p>\n<p>Stado licz\u0105ce oko\u0142o 150 zwierz\u0105t przez dziewi\u0119\u0107 miesi\u0119cy budowy wypasa\u0142o si\u0119 na innych powierzchniach gospodarstwa i wr\u00f3ci\u0142o po zako\u0144czeniu prac pod koniec lipca. &#8220;Pierwsze do\u015bwiadczenia s\u0105 bardzo pozytywne. Zwierz\u0119ta dobrze przyjmuj\u0105 przekszta\u0142cone powierzchnie i naturalnie poruszaj\u0105 si\u0119 pod rz\u0119dami modu\u0142\u00f3w oraz mi\u0119dzy nimi&#8221; &#8211; powiedzia\u0142 Wolfgang Welter, w\u0142a\u015bciciel i prowadz\u0105cy Weiherhof. &#8220;B\u0119dziemy dalej uwa\u017cnie \u015bledzi\u0107 rozw\u00f3j sytuacji i na bie\u017c\u0105co obserwowa\u0107 oraz dokumentowa\u0107 zachowanie zwierz\u0105t&#8221;.<\/p>\n<p>W otwarciu uczestniczy\u0142a Petra Berg, minister \u015brodowiska, klimatu, mobilno\u015bci, rolnictwa i ochrony konsument\u00f3w Kraju Saary, kt\u00f3ra nazwa\u0142a instalacj\u0119 kamieniem milowym dla landu i wskaza\u0142a, \u017ce gospodarstwo rodziny Welter\u00f3w pokazuje, jak mo\u017ce dzia\u0142a\u0107 zr\u00f3wnowa\u017cone i nowoczesne rolnictwo. Annemarie R\u00f6bl, kierowniczka zarz\u0105dzania projektami w Perigus Energy Deutschland, podkre\u015bli\u0142a, \u017ce potrzeby zwierz\u0105t rozpatrywano od pocz\u0105tku na r\u00f3wni z wymaganiami wytwarzania. Gmina Nohfelden otrzymuje 0,2 centa za ka\u017cd\u0105 wprowadzon\u0105 do sieci kilowatogodzin\u0119 w ramach bonusu komunalnego z paragrafu 6 niemieckiej ustawy o odnawialnych \u017ar\u00f3d\u0142ach energii.<\/p>\n<p>Znaczenie tego projektu wykracza poza Kraj Saary i dotyczy sporu o u\u017cytkowanie grunt\u00f3w. Konkurencja mi\u0119dzy fotowoltaik\u0105 a rolnictwem to \u017cywy problem polityczny w Polsce i pa\u0144stwach ba\u0142tyckich, gdzie projekty naziemne regularnie spotykaj\u0105 si\u0119 z zarzutem wy\u0142\u0105czania ziemi produkcyjnej z u\u017cytku. Uruchomiona instalacja, pod kt\u00f3r\u0105 nadal pasie si\u0119 150 zwierz\u0105t, jest trudniejszym celem dla takiej argumentacji ni\u017c ogrodzone pole. Perigus zapowiada, \u017ce do\u015bwiadczenia z eksploatacji pos\u0142u\u017c\u0105 do kolejnych projekt\u00f3w WildparkPV. Sp\u00f3\u0142ka, dawniej OSTWIND, a nast\u0119pnie niemiecki biznes l\u0105dowy \u00d8rsted, nale\u017cy dzi\u015b do Copenhagen Infrastructure Partners i eksploatuje w Europie 668 MW mocy odnawialnych, maj\u0105c w budowie ponad 160 MW.<\/p>\n","protected":false},"excerpt":{"rendered":"<p>Perigus Energy przy\u0142\u0105czy\u0142a park s\u0142oneczny o mocy 8,3 MWp zbudowany wewn\u0105trz zagrody dla danieli o powierzchni 6,9 hektara w Kraju Saary, z modu\u0142ami uniesionymi na tyle wysoko, \u017ce stado pasie si\u0119 pod nimi.<\/p>\n","protected":false},"author":8,"featured_media":48200,"comment_status":"","ping_status":"","sticky":false,"template":"","format":"standard","meta":{"footnotes":""},"categories":[140,2048],"tags":[],"class_list":["post-48215","post","type-post","status-publish","format-standard","has-post-thumbnail","hentry","category-niemcy","category-technologia-pl"],"acf":[],"_links":{"self":[{"href":"https:\/\/balticwind.eu\/pl\/wp-json\/wp\/v2\/posts\/48215","targetHints":{"allow":["GET"]}}],"collection":[{"href":"https:\/\/balticwind.eu\/pl\/wp-json\/wp\/v2\/posts"}],"about":[{"href":"https:\/\/balticwind.eu\/pl\/wp-json\/wp\/v2\/types\/post"}],"author":[{"embeddable":true,"href":"https:\/\/balticwind.eu\/pl\/wp-json\/wp\/v2\/users\/8"}],"replies":[{"embeddable":true,"href":"https:\/\/balticwind.eu\/pl\/wp-json\/wp\/v2\/comments?post=48215"}],"version-history":[{"count":0,"href":"https:\/\/balticwind.eu\/pl\/wp-json\/wp\/v2\/posts\/48215\/revisions"}],"wp:featuredmedia":[{"embeddable":true,"href":"https:\/\/balticwind.eu\/pl\/wp-json\/wp\/v2\/media\/48200"}],"wp:attachment":[{"href":"https:\/\/balticwind.eu\/pl\/wp-json\/wp\/v2\/media?parent=48215"}],"wp:term":[{"taxonomy":"category","embeddable":true,"href":"https:\/\/balticwind.eu\/pl\/wp-json\/wp\/v2\/categories?post=48215"},{"taxonomy":"post_tag","embeddable":true,"href":"https:\/\/balticwind.eu\/pl\/wp-json\/wp\/v2\/tags?post=48215"}],"curies":[{"name":"wp","href":"https:\/\/api.w.org\/{rel}","templated":true}]}}