{"id":5021,"date":"2021-05-29T19:52:37","date_gmt":"2021-05-29T17:52:37","guid":{"rendered":"https:\/\/balticwind.eu\/szwedzki-rzad-chce-obnizyc-koszty-przylaczenia-offshore-wind-do-sieci-elektroenergetycznej\/"},"modified":"2021-07-18T20:20:13","modified_gmt":"2021-07-18T18:20:13","slug":"szwedzki-rzad-chce-obnizyc-koszty-przylaczenia-offshore-wind-do-sieci-elektroenergetycznej","status":"publish","type":"post","link":"https:\/\/balticwind.eu\/pl\/szwedzki-rzad-chce-obnizyc-koszty-przylaczenia-offshore-wind-do-sieci-elektroenergetycznej\/","title":{"rendered":"Szwedzki rz\u0105d chce obni\u017cy\u0107 koszty przy\u0142\u0105czenia offshore wind do sieci elektroenergetycznej"},"content":{"rendered":"<div class=\"fusion-fullwidth fullwidth-box fusion-builder-row-1 fusion-flex-container nonhundred-percent-fullwidth non-hundred-percent-height-scrolling\" style=\"background-color: rgba(255,255,255,0);background-position: center center;background-repeat: no-repeat;border-width: 0px 0px 0px 0px;border-color:#eaeaea;border-style:solid;\" ><div class=\"fusion-builder-row fusion-row fusion-flex-align-items-flex-start\" style=\"max-width:1289.6px;margin-left: calc(-4% \/ 2 );margin-right: calc(-4% \/ 2 );\"><div class=\"fusion-layout-column fusion_builder_column fusion-builder-column-0 fusion_builder_column_1_1 1_1 fusion-flex-column\"><div class=\"fusion-column-wrapper fusion-flex-justify-content-flex-start fusion-content-layout-column\" style=\"background-position:left top;background-repeat:no-repeat;-webkit-background-size:cover;-moz-background-size:cover;-o-background-size:cover;background-size:cover;padding: 0px 0px 0px 0px;\"><div class=\"fusion-text fusion-text-1\"><p><strong>Szwedzkie Ministerstwo Infrastruktury zaproponowa\u0142o w lutym obni\u017cenie koszt\u00f3w przy\u0142\u0105czania do sieci elektroenergetycznej morskich farm wiatrowych, kt\u00f3re s\u0105 ponoszone przez producent\u00f3w energii elektrycznej.<\/strong><\/p>\n<p>2 lutego 2021 roku na stronie resortu infrastruktury pojawi\u0142a si\u0119 propozycja zapowiadanych cztery lata temu regulacji, kt\u00f3re maj\u0105 na celu obni\u017cenia koszt\u00f3w przy\u0142\u0105cza farm morskich do sieci elektroenergetycznej. W dokumencie rz\u0105d proponuje tak\u017ce rozszerzenie sieci krajowej na obszary morskie, gdzie b\u0119dzie mo\u017cliwe pod\u0142\u0105czenie wiele obiekt\u00f3w. Mo\u017ce to wspom\u00f3c realizacj\u0119 krajowych cel\u00f3w odno\u015bnie OZE oraz zwi\u0119kszenie bezpiecze\u0144stwa energetycznego kraju. Do 3 maja 2021 roku zainteresowane strony mog\u0142y sk\u0142ada\u0107 uwagi do projektu regulacji. Rozporz\u0105dzenie mog\u0142oby wej\u015b\u0107 w \u017cycie ju\u017c w sierpniu 2021 roku.<\/p>\n<p>Szwedzkie Stowarzyszenie Energetyki Wiatrowej (SWEA) odnios\u0142o si\u0119 pozytywnie do proponowanych regulacji. W stanowisku wskaza\u0142o, \u017ce potrzebuje wi\u0119kszego wolumenu wyprodukowanej energii elektrycznej w OZE, szczeg\u00f3lnie w pobli\u017cu zaludnionych region\u00f3w. Wyzwaniem jest tak\u017ce nadchodz\u0105ca elektryfikacja gospodarki. &#8211; Korzystny dla kraju jest fakt, \u017ce projekty morskiej energetyki wiatrowej planowane s\u0105 g\u0142\u00f3wnie w \u015brodkowej i po\u0142udniowej cz\u0119\u015bci Szwecji \u2013 wskaza\u0142o w stanowisku SWEA.<\/p>\n<p>Do propozycji regulacji odni\u00f3s\u0142 si\u0119 tak\u017ce Svenska kraftn\u00e4t, operator systemu przesy\u0142owego energii elektrycznej w Szwecji. Wyrazi\u0142 aprobat\u0119 dla zmian, w szczeg\u00f3lno\u015bci \u017ce ma mandat do decydowania, gdzie b\u0119dzie mog\u0142a by\u0107 zlokalizowana nowe farmy offshore wind z punktu potrzeb ca\u0142ego systemu. Wyzwaniem b\u0119dzie zapewnienie stabilno\u015bci systemu, rozbudowa sieci wyprowadzaj\u0105cej energi\u0119 z morza na l\u0105d w synchronizacji z wydawanymi pozwoleniami na budow\u0119 (sie\u0107 elektryczna mo\u017ce obs\u0142u\u017cy\u0107 tylko 6 GW mocy w offshore wind). Jak zauwa\u017ca, o ile koszty dla inwestor\u00f3w s\u0105 mniejsze, to ka\u017cde \u017ar\u00f3d\u0142o energii powinno pokrywa\u0107 w\u0142asne koszty. Za rozbudow\u0119 sieci p\u0142aci spo\u0142ecze\u0144stwo Regulacje i rozw\u00f3j offshore wind poci\u0105gaj\u0105 wiele zmiana za sob\u0105, kt\u00f3re nie s\u0105 jeszcze dok\u0142adnie okre\u015blone.<\/p>\n<p>Szwedzki magazyn Ny Teknik, kt\u00f3ry cytuje SWEA, ustali\u0142, i\u017c zainteresowanie wodami szwedzkimi jest du\u017ce \u2013 do operatora sieci wp\u0142yn\u0119\u0142y wnioski o przy\u0142\u0105czenie do sieci offshore wind o \u0142\u0105cznej mocy 50 GW. Oko\u0142o 30 GW ze z\u0142o\u017conych wniosk\u00f3w dotyczy po\u0142udniowych w\u00f3d. Warto zauwa\u017cy\u0107, \u017ce wiele z nich dotyczy tych samych obszar\u00f3w morskich. Obecnie projekty o \u0142\u0105cznej mocy ok. 7 GW otrzyma\u0142o zgod\u0119 przy\u0142\u0105czenie do sieci. Operator przewiduje, \u017ce Szwecja b\u0119dzie mia\u0142a 4 GW zainstalowanych w elektrowniach wiatrowych na morzu w 2035 r. i 10-17 GW w 2045 r.<\/p>\n<\/div><\/div><style type=\"text\/css\">.fusion-body .fusion-builder-column-0{width:100% !important;margin-top : 0px;margin-bottom : 0px;}.fusion-builder-column-0 > .fusion-column-wrapper {padding-top : 0px !important;padding-right : 0px !important;margin-right : 1.92%;padding-bottom : 0px !important;padding-left : 0px !important;margin-left : 1.92%;}@media only screen and (max-width:1024px) {.fusion-body .fusion-builder-column-0{width:100% !important;}.fusion-builder-column-0 > .fusion-column-wrapper {margin-right : 1.92%;margin-left : 1.92%;}}@media only screen and (max-width:640px) {.fusion-body .fusion-builder-column-0{width:100% !important;}.fusion-builder-column-0 > .fusion-column-wrapper {margin-right : 1.92%;margin-left : 1.92%;}}<\/style><\/div><\/div><style type=\"text\/css\">.fusion-body .fusion-flex-container.fusion-builder-row-1{ padding-top : 0px;margin-top : 0px;padding-right : 0px;padding-bottom : 0px;margin-bottom : 0px;padding-left : 0px;}<\/style><\/div>\n","protected":false},"excerpt":{"rendered":"","protected":false},"author":5,"featured_media":3855,"comment_status":"open","ping_status":"open","sticky":false,"template":"","format":"standard","meta":[],"categories":[12,88],"tags":[],"acf":[],"_links":{"self":[{"href":"https:\/\/balticwind.eu\/pl\/wp-json\/wp\/v2\/posts\/5021"}],"collection":[{"href":"https:\/\/balticwind.eu\/pl\/wp-json\/wp\/v2\/posts"}],"about":[{"href":"https:\/\/balticwind.eu\/pl\/wp-json\/wp\/v2\/types\/post"}],"author":[{"embeddable":true,"href":"https:\/\/balticwind.eu\/pl\/wp-json\/wp\/v2\/users\/5"}],"replies":[{"embeddable":true,"href":"https:\/\/balticwind.eu\/pl\/wp-json\/wp\/v2\/comments?post=5021"}],"version-history":[{"count":0,"href":"https:\/\/balticwind.eu\/pl\/wp-json\/wp\/v2\/posts\/5021\/revisions"}],"wp:featuredmedia":[{"embeddable":true,"href":"https:\/\/balticwind.eu\/pl\/wp-json\/wp\/v2\/media\/3855"}],"wp:attachment":[{"href":"https:\/\/balticwind.eu\/pl\/wp-json\/wp\/v2\/media?parent=5021"}],"wp:term":[{"taxonomy":"category","embeddable":true,"href":"https:\/\/balticwind.eu\/pl\/wp-json\/wp\/v2\/categories?post=5021"},{"taxonomy":"post_tag","embeddable":true,"href":"https:\/\/balticwind.eu\/pl\/wp-json\/wp\/v2\/tags?post=5021"}],"curies":[{"name":"wp","href":"https:\/\/api.w.org\/{rel}","templated":true}]}}