{"id":5212,"date":"2021-05-30T07:46:22","date_gmt":"2021-05-30T05:46:22","guid":{"rendered":"https:\/\/balticwind.eu\/welcome-message-from-pawel-wrobel-managing-director-of-balticwind-eu\/"},"modified":"2021-07-19T00:05:30","modified_gmt":"2021-07-18T22:05:30","slug":"welcome-message-from-pawel-wrobel-managing-director-of-balticwind-eu","status":"publish","type":"post","link":"https:\/\/balticwind.eu\/pl\/welcome-message-from-pawel-wrobel-managing-director-of-balticwind-eu\/","title":{"rendered":"Wiadomo\u015b\u0107 powitalna od Paw\u0142a Wr\u00f3bla, Dyrektora Zarz\u0105dzaj\u0105cego BalticWind.EU"},"content":{"rendered":"<p><div class=\"fusion-fullwidth fullwidth-box fusion-builder-row-1 fusion-flex-container nonhundred-percent-fullwidth non-hundred-percent-height-scrolling\" style=\"background-color: rgba(255,255,255,0);background-position: center center;background-repeat: no-repeat;border-width: 0px 0px 0px 0px;border-color:#eaeaea;border-style:solid;\" ><div class=\"fusion-builder-row fusion-row fusion-flex-align-items-flex-start\" style=\"max-width:1289.6px;margin-left: calc(-4% \/ 2 );margin-right: calc(-4% \/ 2 );\"><div class=\"fusion-layout-column fusion_builder_column fusion-builder-column-0 fusion_builder_column_1_1 1_1 fusion-flex-column\"><div class=\"fusion-column-wrapper fusion-flex-justify-content-flex-start fusion-content-layout-column\" style=\"background-position:left top;background-repeat:no-repeat;-webkit-background-size:cover;-moz-background-size:cover;-o-background-size:cover;background-size:cover;padding: 0px 0px 0px 0px;\"><div class=\"fusion-text fusion-text-1\"><p>Z wielk\u0105 przyjemno\u015bci\u0105 i satysfakcj\u0105 witam Pa\u0144stwa dzisiaj na BalticWind.EU. Po wielu tygodniach przygotowa\u0144 oddajemy w Pa\u0144stwa r\u0119ce innowacyjn\u0105 platform\u0119, kt\u00f3rej celem jest przede wszystkim tworzenie mo\u017cliwo\u015bci wsp\u00f3\u0142pracy dla bran\u017cy morskich farm wiatrowych. BalticWind.EU to przestrze\u0144 do dialogu dla przedstawicieli bran\u017cy, profesjonalist\u00f3w, za\u0142o\u017cycieli start-up\u00f3w, analityk\u00f3w, dziennikarzy, o\u015brodk\u00f3w akademickich i badawczych \u2013 kt\u00f3rych zapraszamy do uczestnictwa w #BalticWindNetwork.<\/p>\n<div class=\"video-shortcode\">\n<div class=\"geodir-embed-container\"><iframe title=\"Welcome to Baltic Wind EU - message from Pawe\u0142 Wr\u00f3bel\" width=\"1240\" height=\"698\" src=\"https:\/\/www.youtube.com\/embed\/xHDiCVCOOZc?feature=oembed\" frameborder=\"0\" allow=\"accelerometer; autoplay; clipboard-write; encrypted-media; gyroscope; picture-in-picture\" allowfullscreen><\/iframe><\/div>\n<\/div>\n<p><strong>Wsp\u00f3\u0142praca &#8211; klucz do uwolnienia potencja\u0142u Morza Ba\u0142tyckiego<\/strong><\/p>\n<p>Morze Ba\u0142tyckie, jako drugi co do wielko\u015bci akwen dla morskiej energetyki wiatrowej w UE, posiada ogromny potencja\u0142 si\u0119gaj\u0105cy 93 GW do osi\u0105gni\u0119cia w 2050 roku. Mo\u017ce on zosta\u0107 osi\u0105gni\u0119ty w najbardziej efektywny spos\u00f3b poprzez wsp\u00f3\u0142prac\u0119 regionaln\u0105 i zaanga\u017cowanie szerokiego grona interesariuszy, w tym g\u0142\u00f3wnie przemys\u0142u, rz\u0105d\u00f3w, spo\u0142eczno\u015bci lokalnych oraz instytucji badawczo-rozwojowych. Mam nadziej\u0119, \u017ce wsp\u00f3lnie uda nam si\u0119 wzmocni\u0107 wsp\u00f3\u0142prac\u0119, kt\u00f3ra jest kluczowa dla inwestycji w morsk\u0105 energetyk\u0119 wiatrow\u0105.<\/p>\n<p>Widzimy potrzeb\u0119 przyspieszenia procesu realizacji inwestycji w farmy wiatrowe w krajach Morza Ba\u0142tyckiego, z korzy\u015bci\u0105 dla lokalnego przemys\u0142u, ma\u0142ych i \u015brednich przedsi\u0119biorstw, spo\u0142eczno\u015bci lokalnych z Danii, Estonii, Finlandii, Niemiec, \u0141otwy, Litwy, Polski i Szwecji.<\/p>\n<p>Bez wdro\u017cenia morskiej energetyki wiatrowej nie b\u0119dzie mo\u017cliwa skuteczna realizacja celu Europejskiego Zielonego \u0141adu, jakim jest neutralno\u015b\u0107 klimatyczna do 2050 roku, jak r\u00f3wnie\u017c wype\u0142nienie za\u0142o\u017ce\u0144 Porozumienia Paryskiego.<\/p>\n<p>Dlatego te\u017c BalticWind.EU oferuje innowacyjn\u0105 platform\u0119 informacyjno-wgl\u0105dow\u0105 do komunikacji, nawi\u0105zywania kontakt\u00f3w i wspierania rozwoju \u0142a\u0144cucha dostaw dla firm i interesariuszy w zakresie morskiej energetyki wiatrowej na Ba\u0142tyku. Nasza dzia\u0142alno\u015b\u0107 polega m.in. na:<\/p>\n<ul>\n<li>codziennym raportowaniu o rozwoju bran\u017cy, towarzysz\u0105 temu opinie ekspert\u00f3w,<\/li>\n<li>obszernym raportowaniu i prezentacji kluczowych temat\u00f3w dla rozwoju bran\u017cy,<\/li>\n<li>ekskluzywnej gie\u0142dzie pracy dedykowanej bran\u017cy morskiej energetyce wiatrowej,<\/li>\n<li>inspirowaniu do wymiany do\u015bwiadcze\u0144, organizacji warsztat\u00f3w,<\/li>\n<li>dostarczaniu danych nt. projekt\u00f3w morskich farm wiatrowych we wszystkich krajach ba\u0142tyckich, w tym trwaj\u0105cych przetargach<\/li>\n<\/ul>\n<p>Wkr\u00f3tce na platformie pojawi\u0105 si\u0119 pierwsze wydarzenia maj\u0105ce na celu wzmocnienie sieci kontakt\u00f3w pomi\u0119dzy profesjonalistami w dziedzinie energetyki wiatrowej w regionie Ba\u0142tyku. Zapraszamy ekspert\u00f3w i dziennikarzy zajmuj\u0105cych si\u0119 transformacj\u0105 energetyczn\u0105 do udzia\u0142u w dialogu pomi\u0119dzy zainteresowanymi stronami. Ciesz\u0119 si\u0119, \u017ce BalticWind.EU mo\u017ce w jednym miejscu dostarczy\u0107 to, co wa\u017cne dla rozwoju projekt\u00f3w wiatrowych na ca\u0142ym Morzu Ba\u0142tyckim.<\/p>\n<p><strong>Ba\u0142tycki lokalny \u0142a\u0144cuch dostaw<\/strong><\/p>\n<p>Inwestycje w farmy wiatrowe na Ba\u0142tyku, w tym rosn\u0105ca rola projekt\u00f3w wsp\u00f3lnych i hybrydowych, s\u0105 nieuniknione, aby skutecznie rozwija\u0107 warto\u015b\u0107 dodan\u0105 dla wsp\u00f3\u0142pracy biznesowej w regionie Morza Ba\u0142tyckiego. Wspieramy wsp\u00f3\u0142prac\u0119 w ramach \u0142a\u0144cucha dostaw offshore, aby pobudzi\u0107 rozw\u00f3j tzw. local content w regionie Morza Ba\u0142tyckiego. W celu zwi\u0119kszenia zaanga\u017cowania firm z regionu Morza Ba\u0142tyckiego, widzimy potrzeb\u0119 zwi\u0119kszenia:<\/p>\n<ul>\n<li>wymiany informacji i dzielenia si\u0119 najlepszymi praktykami na temat trwaj\u0105cych i planowanych projekt\u00f3w w regionie Morza Ba\u0142tyckiego,<\/li>\n<li>wsparcia dla M\u015aP, przemys\u0142u i spo\u0142eczno\u015bci lokalnych z kraj\u00f3w regionu Ba\u0142tyku w zakresie udzia\u0142u w \u0142a\u0144cuchu dostaw,<\/li>\n<li>wsp\u00f3\u0142pracy pomi\u0119dzy rz\u0105dami, przedstawicielami organ\u00f3w regulacyjnych, deweloperami morskich farm wiatrowych i wszystkimi zainteresowanymi stronami.<\/li>\n<\/ul>\n<p>W BalticWind.EU jeste\u015bmy pewni, \u017ce realizacja tej idei przyczyni si\u0119 znacz\u0105co do rozwoju bran\u017cy i tworzenia zielonych miejsc pracy w krajach regionu Morza Ba\u0142tyckiego.<\/p>\n<p>#BalticWindNetwork<\/p>\n<p>Mamy ambitny plan rozwoju BalticWind.EU znacznie wykraczaj\u0105cy poza to, czym platforma jest dzisiaj, dlatego zach\u0119cam wszystkich, kt\u00f3rym zale\u017cy na transformacji energetycznej w regionie Morza Ba\u0142tyckiego do zaanga\u017cowania si\u0119 i uczestnictwa w #BalticWindNetwork.<\/p>\n<p>Zapraszamy ekspert\u00f3w i dziennikarzy zajmuj\u0105cych si\u0119 transformacj\u0105 energetyczn\u0105 do dzielenia si\u0119 swoimi opiniami na naszej stronie i powi\u0105zanych z ni\u0105 narz\u0119dziach w celu wzmocnienia dialogu pomi\u0119dzy interesariuszami ze wszystkich kraj\u00f3w Morza Ba\u0142tyckiego. Wkr\u00f3tce na platformie pojawi\u0105 si\u0119 pierwsze wydarzenia maj\u0105ce na celu wzmocnienie sieci kontakt\u00f3w pomi\u0119dzy profesjonalistami w dziedzinie morskiej energetyki wiatrowej w regionie.<\/p>\n<p>Jestem dumny, \u017ce z okazji uruchomienia BalticWind.EU, w tym tygodniu zaprezentujemy ekskluzywne wywiady i wiadomo\u015bci od Pos\u0142\u00f3w do Parlamentu Europejskiego Mortena Petersena i Jerzego Buzka, Prezesa Wind Europe Gilesa Dicksona, Sekretarza Generalnego Eurelectric Kristiana Ruby i innych przedstawicieli kluczowych interesariuszy.<\/p>\n<p>Witamy na platformie BalticWind.EU<\/p>\n<\/div><\/div><style type=\"text\/css\">.fusion-body .fusion-builder-column-0{width:100% !important;margin-top : 0px;margin-bottom : 0px;}.fusion-builder-column-0 > .fusion-column-wrapper {padding-top : 0px !important;padding-right : 0px !important;margin-right : 1.92%;padding-bottom : 0px !important;padding-left : 0px !important;margin-left : 1.92%;}@media only screen and (max-width:1024px) {.fusion-body .fusion-builder-column-0{width:100% !important;}.fusion-builder-column-0 > .fusion-column-wrapper {margin-right : 1.92%;margin-left : 1.92%;}}@media only screen and (max-width:640px) {.fusion-body .fusion-builder-column-0{width:100% !important;}.fusion-builder-column-0 > .fusion-column-wrapper {margin-right : 1.92%;margin-left : 1.92%;}}<\/style><\/div><\/div><style type=\"text\/css\">.fusion-body .fusion-flex-container.fusion-builder-row-1{ padding-top : 0px;margin-top : 0px;padding-right : 0px;padding-bottom : 0px;margin-bottom : 0px;padding-left : 0px;}<\/style><\/div><div class=\"fusion-fullwidth fullwidth-box fusion-builder-row-2 fusion-flex-container nonhundred-percent-fullwidth non-hundred-percent-height-scrolling\" style=\"background-color: rgba(255,255,255,0);background-position: center center;background-repeat: no-repeat;border-width: 0px 0px 0px 0px;border-color:#eaeaea;border-style:solid;\" ><style type=\"text\/css\">.fusion-body .fusion-flex-container.fusion-builder-row-2{ padding-top : 0px;margin-top : 0px;padding-right : 0px;padding-bottom : 0px;margin-bottom : 0px;padding-left : 0px;}<\/style><\/div><\/p>\n","protected":false},"excerpt":{"rendered":"","protected":false},"author":6,"featured_media":4042,"comment_status":"open","ping_status":"open","sticky":false,"template":"","format":"standard","meta":[],"categories":[71,85],"tags":[210,211],"acf":[],"_links":{"self":[{"href":"https:\/\/balticwind.eu\/pl\/wp-json\/wp\/v2\/posts\/5212"}],"collection":[{"href":"https:\/\/balticwind.eu\/pl\/wp-json\/wp\/v2\/posts"}],"about":[{"href":"https:\/\/balticwind.eu\/pl\/wp-json\/wp\/v2\/types\/post"}],"author":[{"embeddable":true,"href":"https:\/\/balticwind.eu\/pl\/wp-json\/wp\/v2\/users\/6"}],"replies":[{"embeddable":true,"href":"https:\/\/balticwind.eu\/pl\/wp-json\/wp\/v2\/comments?post=5212"}],"version-history":[{"count":0,"href":"https:\/\/balticwind.eu\/pl\/wp-json\/wp\/v2\/posts\/5212\/revisions"}],"wp:featuredmedia":[{"embeddable":true,"href":"https:\/\/balticwind.eu\/pl\/wp-json\/wp\/v2\/media\/4042"}],"wp:attachment":[{"href":"https:\/\/balticwind.eu\/pl\/wp-json\/wp\/v2\/media?parent=5212"}],"wp:term":[{"taxonomy":"category","embeddable":true,"href":"https:\/\/balticwind.eu\/pl\/wp-json\/wp\/v2\/categories?post=5212"},{"taxonomy":"post_tag","embeddable":true,"href":"https:\/\/balticwind.eu\/pl\/wp-json\/wp\/v2\/tags?post=5212"}],"curies":[{"name":"wp","href":"https:\/\/api.w.org\/{rel}","templated":true}]}}