{"id":6456,"date":"2021-09-06T14:43:29","date_gmt":"2021-09-06T12:43:29","guid":{"rendered":"https:\/\/balticwind.eu\/?p=6456"},"modified":"2021-09-06T14:44:45","modified_gmt":"2021-09-06T12:44:45","slug":"kriegers-flak-inauguracja-najwiekszej-morskiej-farmy-wiatrowej-w-skandynawii","status":"publish","type":"post","link":"https:\/\/balticwind.eu\/pl\/kriegers-flak-inauguracja-najwiekszej-morskiej-farmy-wiatrowej-w-skandynawii\/","title":{"rendered":"Kriegers Flak &#8211; inauguracja najwi\u0119kszej morskiej farmy wiatrowej w Skandynawii"},"content":{"rendered":"<div class=\"fusion-fullwidth fullwidth-box fusion-builder-row-1 fusion-flex-container nonhundred-percent-fullwidth non-hundred-percent-height-scrolling\" style=\"background-color: rgba(255,255,255,0);background-position: center center;background-repeat: no-repeat;border-width: 0px 0px 0px 0px;border-color:#eaeaea;border-style:solid;\" ><div class=\"fusion-builder-row fusion-row fusion-flex-align-items-flex-start\" style=\"max-width:1289.6px;margin-left: calc(-4% \/ 2 );margin-right: calc(-4% \/ 2 );\"><div class=\"fusion-layout-column fusion_builder_column fusion-builder-column-0 fusion_builder_column_1_1 1_1 fusion-flex-column\"><div class=\"fusion-column-wrapper fusion-flex-justify-content-flex-start fusion-content-layout-column\" style=\"background-position:left top;background-repeat:no-repeat;-webkit-background-size:cover;-moz-background-size:cover;-o-background-size:cover;background-size:cover;padding: 0px 0px 0px 0px;\"><div class=\"fusion-text fusion-text-1\"><p><strong>Jego Kr\u00f3lewska Wysoko\u015b\u0107 Ksi\u0105\u017c\u0119 Danii wraz z du\u0144skim ministrem przemys\u0142u, biznesu i finans\u00f3w Simonem Kollerupem zainaugurowali dzia\u0142alno\u015b\u0107 nowej morskiej farmy wiatrowej Kriegers Flak firmy Vattenfall. Farma wiatrowa jest najwi\u0119ksz\u0105 w Skandynawii i zwi\u0119kszy produkcj\u0119 energii wiatrowej w Danii o 16 procent.<\/strong><!--more--><\/p>\n<p>Z 72 morskimi turbinami wiatrowymi i moc\u0105 odpowiadaj\u0105c\u0105 rocznemu zu\u017cyciu energii przez oko\u0142o 600 000 du\u0144skich gospodarstw domowych, Kriegers Flak jest najwi\u0119ksz\u0105 morsk\u0105 farm\u0105 wiatrow\u0105 w Danii i Skandynawii.<\/p>\n<p>Dzi\u015b Jego Kr\u00f3lewska Wysoko\u015b\u0107 Ksi\u0105\u017c\u0119 Danii zainaugurowa\u0142 farm\u0119 wiatrow\u0105 wraz z du\u0144skim ministrem przemys\u0142u, biznesu i finans\u00f3w, Simonem Kollerupem.<\/p>\n<blockquote>\n<p>&#8220;Dzi\u0119ki dzisiejszej inauguracji robimy jeden krok bli\u017cej do naszego celu, jakim jest umo\u017cliwienie \u017cycia bez kopalin w ci\u0105gu jednego pokolenia. Kriegers Flak stanowi silny wk\u0142ad w zielon\u0105 transformacj\u0119, dlatego te\u017c jeste\u015bmy dumni, \u017ce farma wiatrowa jest teraz gotowa do dostarczania bezemisyjnego pr\u0105du do du\u0144skich dom\u00f3w i przemys\u0142u&#8221; &#8211; m\u00f3wi Anna Borg, CEO Vattenfall.<\/p>\n<\/blockquote>\n<p>Nowa morska farma wiatrowa znajduje si\u0119 na Morzu Ba\u0142tyckim, 15-40 kilometr\u00f3w od wybrze\u017ca Danii i jest najnowsz\u0105 i jak dot\u0105d najwi\u0119ksz\u0105 dzia\u0142aj\u0105c\u0105 morsk\u0105 farm\u0105 wiatrow\u0105 Vattenfall.<\/p>\n<div class=\"video-shortcode\">\n<blockquote class=\"twitter-tweet\" data-width=\"550\" data-dnt=\"true\">\n<p lang=\"en\" dir=\"ltr\">We have completed the biggest offshore wind farm in Scandinavia with the capacity to supply 600,000 Danish homes with fossil free electricity. A huge step towards our goal of fossil free living within one generation. <a href=\"https:\/\/t.co\/I87PreKyRe\">https:\/\/t.co\/I87PreKyRe<\/a><a href=\"https:\/\/twitter.com\/hashtag\/windpower?src=hash&amp;ref_src=twsrc%5Etfw\">#windpower<\/a> <a href=\"https:\/\/twitter.com\/hashtag\/fossilfree?src=hash&amp;ref_src=twsrc%5Etfw\">#fossilfree<\/a> <a href=\"https:\/\/twitter.com\/hashtag\/Vattenfall?src=hash&amp;ref_src=twsrc%5Etfw\">#Vattenfall<\/a> <a href=\"https:\/\/t.co\/TsooCAfKcN\">pic.twitter.com\/TsooCAfKcN<\/a><\/p>\n<p>&mdash; Vattenfall Group (@VattenfallGroup) <a href=\"https:\/\/twitter.com\/VattenfallGroup\/status\/1434849833114812416?ref_src=twsrc%5Etfw\">September 6, 2021<\/a><\/p>\n<\/blockquote>\n<p><script async src=\"https:\/\/platform.twitter.com\/widgets.js\" charset=\"utf-8\"><\/script><\/div>\n<p>Decyzja o budowie Kriegers Flak zosta\u0142a podj\u0119ta przez du\u0144ski parlament w 2012 roku. W maju 2020 roku Vattenfall postawi\u0142 pierwszy fundament, a na pocz\u0105tku tego roku zainstalowano pierwsz\u0105 z 72 turbin wiatrowych. Od tego czasu pozosta\u0142e turbiny s\u0105 stale instalowane i uruchamiane.<\/p>\n<blockquote>\n<p>&#8220;Kriegers Flak to bardzo udany projekt, kt\u00f3ry pomimo budowy w czasie globalnej pandemii jest eksploatowany przed terminem. Pokazuje on zaanga\u017cowanie spo\u0142ecze\u0144stwa, naszych partner\u00f3w i Vattenfall w neutraln\u0105 pod wzgl\u0119dem emisji dwutlenku w\u0119gla przysz\u0142o\u015b\u0107. Jednocze\u015bnie podkre\u015bla to nasze strategiczne ambicje, aby przyspieszy\u0107 \u017cycie bez kopalnych \u017ar\u00f3de\u0142 energii dzi\u0119ki mocy odnawialnych \u017ar\u00f3de\u0142 energii&#8221;, m\u00f3wi Helene Bistr\u00f6m, Head of Business Area Wind w Vattenfall.<\/p>\n<\/blockquote>\n<p>Inauguracja oznacza pozycj\u0119 Vattenfall jako najwi\u0119kszego dostawcy morskiej energii wiatrowej w Danii, obejmuj\u0105cego ponad po\u0142ow\u0119 mocy zainstalowanej. Opr\u00f3cz Kriegers Flak Vattenfall eksploatuje Horns Rev 1 (wsp\u00f3\u0142w\u0142asno\u015b\u0107) oraz Horns Rev 3, kt\u00f3ry zosta\u0142 uruchomiony w 2019 roku. Ponadto projekt Vesterhav Syd &amp; Nord znajduje si\u0119 na zawansowanym etapie rozwoju i ma zosta\u0107 oddany do eksploatacji do ko\u0144ca 2023 roku. Kriegers Flak b\u0119dzie obs\u0142ugiwany z portu Klintholm na wyspie M\u00f8n.<\/p>\n<p><strong>Fakty o Kriegers Flak<\/strong><\/p>\n<ul>\n<li>Kriegers Flak ma moc produkcyjn\u0105 604 MW.<\/li>\n<li>Morska farma wiatrowa mo\u017ce pokry\u0107 roczne zu\u017cycie energii elektrycznej ok. 600.000 du\u0144skich gospodarstw domowych<\/li>\n<li>Kriegers Flak zwi\u0119kszy du\u0144sk\u0105 produkcj\u0119 energii wiatrowej o 16 proc.<\/li>\n<li>72 turbiny wiatrowe maj\u0105 \u0142\u0105czn\u0105 wysoko\u015b\u0107 188 metr\u00f3w ka\u017cda.<\/li>\n<li>Farma wiatrowa zlokalizowana jest na Morzu Ba\u0142tyckim, 15-40 kilometr\u00f3w od wybrze\u017ca Danii.<\/li>\n<li>Farma wiatrowa zajmuje powierzchni\u0119 132 km2, na kt\u00f3rej u\u0142o\u017cono oko\u0142o 170 kilometr\u00f3w podwodnych kabli.<\/li>\n<\/ul>\n<p><em>\u0179r\u00f3d\u0142o: Vattenfall<\/em><\/p>\n<\/div><\/div><style type=\"text\/css\">.fusion-body .fusion-builder-column-0{width:100% !important;margin-top : 0px;margin-bottom : 0px;}.fusion-builder-column-0 > .fusion-column-wrapper {padding-top : 0px !important;padding-right : 0px !important;margin-right : 1.92%;padding-bottom : 0px !important;padding-left : 0px !important;margin-left : 1.92%;}@media only screen and (max-width:1024px) {.fusion-body .fusion-builder-column-0{width:100% !important;}.fusion-builder-column-0 > .fusion-column-wrapper {margin-right : 1.92%;margin-left : 1.92%;}}@media only screen and (max-width:640px) {.fusion-body .fusion-builder-column-0{width:100% !important;}.fusion-builder-column-0 > .fusion-column-wrapper {margin-right : 1.92%;margin-left : 1.92%;}}<\/style><\/div><\/div><style type=\"text\/css\">.fusion-body .fusion-flex-container.fusion-builder-row-1{ padding-top : 0px;margin-top : 0px;padding-right : 0px;padding-bottom : 0px;margin-bottom : 0px;padding-left : 0px;}<\/style><\/div>\n","protected":false},"excerpt":{"rendered":"<p>Jego Kr\u00f3lewska Wysoko\u015b\u0107 Ksi\u0105\u017c\u0119 Danii wraz z du\u0144skim ministrem przemys\u0142u, biznesu i finans\u00f3w Simonem Kollerupem zainaugurowali dzia\u0142alno\u015b\u0107 nowej morskiej farmy wiatrowej Kriegers Flak firmy Vattenfall. Farma wiatrowa jest najwi\u0119ksz\u0105 w Skandynawii i zwi\u0119kszy produkcj\u0119 energii wiatrowej w Danii o 16 procent.<\/p>\n","protected":false},"author":8,"featured_media":6460,"comment_status":"open","ping_status":"open","sticky":false,"template":"","format":"standard","meta":[],"categories":[174,139],"tags":[175,159,331,343,176,379,323,411,208,380,161,160,381,141,382,327,231,391],"acf":[],"_links":{"self":[{"href":"https:\/\/balticwind.eu\/pl\/wp-json\/wp\/v2\/posts\/6456"}],"collection":[{"href":"https:\/\/balticwind.eu\/pl\/wp-json\/wp\/v2\/posts"}],"about":[{"href":"https:\/\/balticwind.eu\/pl\/wp-json\/wp\/v2\/types\/post"}],"author":[{"embeddable":true,"href":"https:\/\/balticwind.eu\/pl\/wp-json\/wp\/v2\/users\/8"}],"replies":[{"embeddable":true,"href":"https:\/\/balticwind.eu\/pl\/wp-json\/wp\/v2\/comments?post=6456"}],"version-history":[{"count":0,"href":"https:\/\/balticwind.eu\/pl\/wp-json\/wp\/v2\/posts\/6456\/revisions"}],"wp:featuredmedia":[{"embeddable":true,"href":"https:\/\/balticwind.eu\/pl\/wp-json\/wp\/v2\/media\/6460"}],"wp:attachment":[{"href":"https:\/\/balticwind.eu\/pl\/wp-json\/wp\/v2\/media?parent=6456"}],"wp:term":[{"taxonomy":"category","embeddable":true,"href":"https:\/\/balticwind.eu\/pl\/wp-json\/wp\/v2\/categories?post=6456"},{"taxonomy":"post_tag","embeddable":true,"href":"https:\/\/balticwind.eu\/pl\/wp-json\/wp\/v2\/tags?post=6456"}],"curies":[{"name":"wp","href":"https:\/\/api.w.org\/{rel}","templated":true}]}}