{"id":6532,"date":"2021-09-10T09:39:58","date_gmt":"2021-09-10T07:39:58","guid":{"rendered":"https:\/\/balticwind.eu\/?p=6532"},"modified":"2021-09-10T09:40:48","modified_gmt":"2021-09-10T07:40:48","slug":"rwe-planuje-budowe-morskiej-farmy-wiatrowej-na-morzu-baltyckim","status":"publish","type":"post","link":"https:\/\/balticwind.eu\/pl\/rwe-planuje-budowe-morskiej-farmy-wiatrowej-na-morzu-baltyckim\/","title":{"rendered":"RWE planuje budow\u0119 morskiej farmy wiatrowej na Morzu Ba\u0142tyckim"},"content":{"rendered":"<div class=\"fusion-fullwidth fullwidth-box fusion-builder-row-1 fusion-flex-container nonhundred-percent-fullwidth non-hundred-percent-height-scrolling\" style=\"background-color: rgba(255,255,255,0);background-position: center center;background-repeat: no-repeat;border-width: 0px 0px 0px 0px;border-color:#eaeaea;border-style:solid;\" ><div class=\"fusion-builder-row fusion-row fusion-flex-align-items-flex-start\" style=\"max-width:1289.6px;margin-left: calc(-4% \/ 2 );margin-right: calc(-4% \/ 2 );\"><div class=\"fusion-layout-column fusion_builder_column fusion-builder-column-0 fusion_builder_column_1_1 1_1 fusion-flex-column\"><div class=\"fusion-column-wrapper fusion-flex-justify-content-flex-start fusion-content-layout-column\" style=\"background-position:left top;background-repeat:no-repeat;-webkit-background-size:cover;-moz-background-size:cover;-o-background-size:cover;background-size:cover;padding: 0px 0px 0px 0px;\"><div class=\"fusion-text fusion-text-1\"><p><strong>Jak poinformowa\u0142a dzi\u015b Niemiecka Federalna Agencja Sieci, koncernowi energetycznemu RWE z siedzib\u0105 w Essen przyznano dwie lokalizacje pod morskie elektrownie wiatrowe. Na Morzu P\u00f3\u0142nocnym RWE uda\u0142o si\u0119 pozyska\u0107 umow\u0119 dzier\u017cawy (N-3.7) dla morskiej farmy wiatrowej o potencjalnej mocy 225 megawat\u00f3w (MW). Drugi obiekt na Morzu Ba\u0142tyckim (O-1.3), o potencjalnej mocy 300 MW, r\u00f3wnie\u017c zosta\u0142 przyznany RWE. <\/strong><!--more--><\/p>\n<p>Firma zamierza wykorzysta\u0107 synergi\u0119 z istniej\u0105cych morskich farm wiatrowych przy realizacji obu projekt\u00f3w, kt\u00f3rych uruchomienie planowane jest na 2026 rok.<\/p>\n<blockquote>\n<div class=\"quote-component__description\">&#8211; RWE planuje budow\u0119 dw\u00f3ch nowych morskich farm wiatrowych u wybrze\u017cy Niemiec, wspieraj\u0105c tym samym rozw\u00f3j energetyki odnawialnej w tym kraju. Morska energetyka wiatrowa jest jednym z g\u0142\u00f3wnych filar\u00f3w niemieckiej transformacji energetycznej. Jeste\u015bmy szczeg\u00f3lnie zadowoleni z przyznania nam tych mo\u017cliwo\u015bci na naszym rodzimym rynku. Po wiosennym sukcesie w brytyjskiej aukcji offshore, po raz kolejny jeste\u015bmy w stanie zademonstrowa\u0107 nasz\u0105 konkurencyjno\u015b\u0107 w wymagaj\u0105cym \u015brodowisku rynkowym, m\u00f3wi Sven Uterm\u00f6hlen, prezes Wind Offshore, RWE Renewables.<\/div>\n<\/blockquote>\n<p>Konkurent RWE posiada tzw. step-in-righty do dzier\u017cawy na Morzu Ba\u0142tyckim (O-1.3). W zwi\u0105zku z tym ostateczna decyzja o przyznaniu dotacji mo\u017ce zapa\u015b\u0107 dopiero na pocz\u0105tku listopada. RWE i jego partner, Northland Power, posiadaj\u0105 step-in-righty do kolejnej z wylicytowanych dzi\u015b lokalizacji, N-3.8 na Morzu P\u00f3\u0142nocnym, kt\u00f3ra ma moc 433 MW.<\/p>\n<p>RWE jest jedn\u0105 z wiod\u0105cych firm zajmuj\u0105cych si\u0119 energi\u0105 odnawialn\u0105 i numerem 2 na \u015bwiecie w dziedzinie morskiej energetyki wiatrowej. Na niemieckim Morzu P\u00f3\u0142nocnym RWE eksploatuje ju\u017c cztery morskie farmy wiatrowe, a kolejny projekt &#8211; morska farma wiatrowa Kaskasi o mocy 342 MW &#8211; jest w trakcie budowy. W sk\u0142ad niemieckiego portfela RWE wchodzi r\u00f3wnie\u017c Arkona, kt\u00f3ra z moc\u0105 zainstalowan\u0105 385 MW (udzia\u0142 RWE 50%) jest jedn\u0105 z najwi\u0119kszych morskich farm wiatrowych na Morzu Ba\u0142tyckim.<\/p>\n<p><em>\u0179r\u00f3d\u0142o: RWE<\/em><\/p>\n<\/div><\/div><style type=\"text\/css\">.fusion-body .fusion-builder-column-0{width:100% !important;margin-top : 0px;margin-bottom : 0px;}.fusion-builder-column-0 > .fusion-column-wrapper {padding-top : 0px !important;padding-right : 0px !important;margin-right : 1.92%;padding-bottom : 0px !important;padding-left : 0px !important;margin-left : 1.92%;}@media only screen and (max-width:1024px) {.fusion-body .fusion-builder-column-0{width:100% !important;}.fusion-builder-column-0 > .fusion-column-wrapper {margin-right : 1.92%;margin-left : 1.92%;}}@media only screen and (max-width:640px) {.fusion-body .fusion-builder-column-0{width:100% !important;}.fusion-builder-column-0 > .fusion-column-wrapper {margin-right : 1.92%;margin-left : 1.92%;}}<\/style><\/div><\/div><style type=\"text\/css\">.fusion-body .fusion-flex-container.fusion-builder-row-1{ padding-top : 0px;margin-top : 0px;padding-right : 0px;padding-bottom : 0px;margin-bottom : 0px;padding-left : 0px;}<\/style><\/div>\n","protected":false},"excerpt":{"rendered":"<p>Jak poinformowa\u0142a dzi\u015b Niemiecka Federalna Agencja Sieci, koncernowi energetycznemu RWE z siedzib\u0105 w Essen przyznano dwie lokalizacje pod morskie elektrownie wiatrowe. Na Morzu P\u00f3\u0142nocnym RWE uda\u0142o si\u0119 pozyska\u0107 umow\u0119 dzier\u017cawy (N-3.7) dla morskiej farmy wiatrowej o potencjalnej mocy 225 megawat\u00f3w (MW). Drugi obiekt na Morzu Ba\u0142tyckim (O-1.3), o potencjalnej mocy 300 MW, r\u00f3wnie\u017c zosta\u0142 przyznany [&hellip;]<\/p>\n","protected":false},"author":8,"featured_media":6535,"comment_status":"open","ping_status":"open","sticky":false,"template":"","format":"standard","meta":[],"categories":[140,142],"tags":[159,331,343,176,323,161,160,327,391],"acf":[],"_links":{"self":[{"href":"https:\/\/balticwind.eu\/pl\/wp-json\/wp\/v2\/posts\/6532"}],"collection":[{"href":"https:\/\/balticwind.eu\/pl\/wp-json\/wp\/v2\/posts"}],"about":[{"href":"https:\/\/balticwind.eu\/pl\/wp-json\/wp\/v2\/types\/post"}],"author":[{"embeddable":true,"href":"https:\/\/balticwind.eu\/pl\/wp-json\/wp\/v2\/users\/8"}],"replies":[{"embeddable":true,"href":"https:\/\/balticwind.eu\/pl\/wp-json\/wp\/v2\/comments?post=6532"}],"version-history":[{"count":0,"href":"https:\/\/balticwind.eu\/pl\/wp-json\/wp\/v2\/posts\/6532\/revisions"}],"wp:featuredmedia":[{"embeddable":true,"href":"https:\/\/balticwind.eu\/pl\/wp-json\/wp\/v2\/media\/6535"}],"wp:attachment":[{"href":"https:\/\/balticwind.eu\/pl\/wp-json\/wp\/v2\/media?parent=6532"}],"wp:term":[{"taxonomy":"category","embeddable":true,"href":"https:\/\/balticwind.eu\/pl\/wp-json\/wp\/v2\/categories?post=6532"},{"taxonomy":"post_tag","embeddable":true,"href":"https:\/\/balticwind.eu\/pl\/wp-json\/wp\/v2\/tags?post=6532"}],"curies":[{"name":"wp","href":"https:\/\/api.w.org\/{rel}","templated":true}]}}