{"id":8741,"date":"2021-12-03T06:00:11","date_gmt":"2021-12-03T05:00:11","guid":{"rendered":"https:\/\/balticwind.eu\/?p=8741"},"modified":"2021-12-03T05:16:38","modified_gmt":"2021-12-03T04:16:38","slug":"holenderska-branza-offshore-wind-uda-sie-z-misja-handlowa-do-krajow-baltyckich","status":"publish","type":"post","link":"https:\/\/balticwind.eu\/pl\/holenderska-branza-offshore-wind-uda-sie-z-misja-handlowa-do-krajow-baltyckich\/","title":{"rendered":"Holenderska bran\u017ca offshore wind uda si\u0119 z misj\u0105 handlow\u0105 do kraj\u00f3w ba\u0142tyckich"},"content":{"rendered":"<div class=\"fusion-fullwidth fullwidth-box fusion-builder-row-1 fusion-flex-container nonhundred-percent-fullwidth non-hundred-percent-height-scrolling\" style=\"background-color: rgba(255,255,255,0);background-position: center center;background-repeat: no-repeat;border-width: 0px 0px 0px 0px;border-color:#eaeaea;border-style:solid;\" ><div class=\"fusion-builder-row fusion-row fusion-flex-align-items-flex-start\" style=\"max-width:1289.6px;margin-left: calc(-4% \/ 2 );margin-right: calc(-4% \/ 2 );\"><div class=\"fusion-layout-column fusion_builder_column fusion-builder-column-0 fusion_builder_column_1_1 1_1 fusion-flex-column\"><div class=\"fusion-column-wrapper fusion-flex-justify-content-flex-start fusion-content-layout-column\" style=\"background-position:left top;background-repeat:no-repeat;-webkit-background-size:cover;-moz-background-size:cover;-o-background-size:cover;background-size:cover;padding: 0px 0px 0px 0px;\"><div class=\"fusion-text fusion-text-1\"><p><b>W dniach 31 stycznia &#8211; 4 lutego 2022 roku kraje ba\u0142tyckie odwiedzi holenderska misja handlowa. Przedstawiciele holenderskiego przemys\u0142u morskiej energetyki wiatrowej b\u0119d\u0105 szuka\u0107 szans biznesowych w Estonii, \u0141otwie oraz na Litwie.<\/b><!--more--><\/p>\n<p><span style=\"font-weight: 400;\">Misj\u0119 organizuje Niderlandzka Agencja Przedsi\u0119biorczo\u015bci (RVO) w imieniu Ministerstwa Spraw Zagranicznych i we wsp\u00f3\u0142pracy z ambasadami holenderskimi w Tallinie, Rydze i Wilnie oraz Wind &amp; Water Works (NWEA). Rz\u0105d Niderland\u00f3w chce odkry\u0107 mo\u017cliwo\u015bci przed rodzimym przemys\u0142em morskiej energetyki wiatrowej. Wielokrotnie informowali\u015bmy na \u0142amach BalticWind.EU, \u017ce Niderlandy s\u0105 bardzo zainteresowane nowo rodz\u0105cym si\u0119 rynkiem offshore wind na Morzu Ba\u0142tyckim. Mo\u017cliwo\u015bci zaanga\u017cowania potwierdzi\u0142 raport &#8220;Ocena rynk\u00f3w eksportowych dla holenderskiego przemys\u0142u morskiej energetyki wiatrowej&#8221;, przygotowany przez firm\u0119 doradcz\u0105 BLIX na zlecenie Ministerstwa Spraw Zagranicznych.<\/span><\/p>\n<p><span style=\"font-weight: 400;\">W ramach misji handlowej planowane s\u0105 spotkania z przedstawicielami w\u0142adz kraj\u00f3w, stowarzysze\u0144 bran\u017cowych oraz regionalnej bran\u017cy morskiej energetyki wiatrowej. Dla holenderskich przedsi\u0119biorc\u00f3w pojawiaj\u0105 si\u0119 mo\u017cliwo\u015bci biznesowe w dziedzinie rozwoju, budowy i utrzymania farm wiatrowych, doradztwa, finansowania, instalacji turbin, transportu morskiego, in\u017cynierii wiatrowej oraz infrastruktury portowej.<\/span><\/p>\n<p><span style=\"font-weight: 400;\">Wed\u0142ug europejskiego stowarzyszenia bran\u017cowego WindEurope, do 2050 roku w tym regionie Morza Ba\u0142tyckiego planuje si\u0119 budow\u0119 83 GW mocy w wiatrakach morskich. Z tego co najmniej 8 GW planowane jest w trzech krajach ba\u0142tyckich. Pa\u0144stwa postrzegaj\u0105 energetyk\u0119 wiatrow\u0105 jako dobry spos\u00f3b na niezale\u017cne dostawy energii, kt\u00f3ry przyczynia si\u0119 r\u00f3wnie\u017c do realizacji krajowych cel\u00f3w zr\u00f3wnowa\u017conego rozwoju. Estonia, \u0141otwa i Litwa pracuj\u0105 nad studiami wykonalno\u015bci i projektami pierwszych morskich farm wiatrowych.<\/span><\/p>\n<\/div><\/div><style type=\"text\/css\">.fusion-body .fusion-builder-column-0{width:100% !important;margin-top : 0px;margin-bottom : 0px;}.fusion-builder-column-0 > .fusion-column-wrapper {padding-top : 0px !important;padding-right : 0px !important;margin-right : 1.92%;padding-bottom : 0px !important;padding-left : 0px !important;margin-left : 1.92%;}@media only screen and (max-width:1024px) {.fusion-body .fusion-builder-column-0{width:100% !important;}.fusion-builder-column-0 > .fusion-column-wrapper {margin-right : 1.92%;margin-left : 1.92%;}}@media only screen and (max-width:640px) {.fusion-body .fusion-builder-column-0{width:100% !important;}.fusion-builder-column-0 > .fusion-column-wrapper {margin-right : 1.92%;margin-left : 1.92%;}}<\/style><\/div><\/div><style type=\"text\/css\">.fusion-body .fusion-flex-container.fusion-builder-row-1{ padding-top : 0px;margin-top : 0px;padding-right : 0px;padding-bottom : 0px;margin-bottom : 0px;padding-left : 0px;}<\/style><\/div>\n","protected":false},"excerpt":{"rendered":"<p>W dniach 31 stycznia &#8211; 4 lutego 2022 roku kraje ba\u0142tyckie odwiedzi holenderska misja handlowa. Przedstawiciele holenderskiego przemys\u0142u morskiej energetyki wiatrowej b\u0119d\u0105 szuka\u0107 szans biznesowych w Estonii, \u0141otwie oraz na Litwie.<\/p>\n","protected":false},"author":5,"featured_media":5038,"comment_status":"open","ping_status":"open","sticky":false,"template":"","format":"standard","meta":[],"categories":[180,168,171,137],"tags":[204,202,331,552,227,208,305,381,382,632,633,652,890],"acf":[],"_links":{"self":[{"href":"https:\/\/balticwind.eu\/pl\/wp-json\/wp\/v2\/posts\/8741"}],"collection":[{"href":"https:\/\/balticwind.eu\/pl\/wp-json\/wp\/v2\/posts"}],"about":[{"href":"https:\/\/balticwind.eu\/pl\/wp-json\/wp\/v2\/types\/post"}],"author":[{"embeddable":true,"href":"https:\/\/balticwind.eu\/pl\/wp-json\/wp\/v2\/users\/5"}],"replies":[{"embeddable":true,"href":"https:\/\/balticwind.eu\/pl\/wp-json\/wp\/v2\/comments?post=8741"}],"version-history":[{"count":0,"href":"https:\/\/balticwind.eu\/pl\/wp-json\/wp\/v2\/posts\/8741\/revisions"}],"wp:featuredmedia":[{"embeddable":true,"href":"https:\/\/balticwind.eu\/pl\/wp-json\/wp\/v2\/media\/5038"}],"wp:attachment":[{"href":"https:\/\/balticwind.eu\/pl\/wp-json\/wp\/v2\/media?parent=8741"}],"wp:term":[{"taxonomy":"category","embeddable":true,"href":"https:\/\/balticwind.eu\/pl\/wp-json\/wp\/v2\/categories?post=8741"},{"taxonomy":"post_tag","embeddable":true,"href":"https:\/\/balticwind.eu\/pl\/wp-json\/wp\/v2\/tags?post=8741"}],"curies":[{"name":"wp","href":"https:\/\/api.w.org\/{rel}","templated":true}]}}